{"id":166,"date":"2014-03-19T11:06:08","date_gmt":"2014-03-19T14:06:08","guid":{"rendered":"http:\/\/fadaorg.com.ar\/web\/?p=166"},"modified":"2014-03-19T11:22:36","modified_gmt":"2014-03-19T14:22:36","slug":"cronograma-1a-reunion-regional-de-fada-en-el-noroeste-bonaerense","status":"publish","type":"post","link":"https:\/\/fada.org.ar\/web\/cronograma-1a-reunion-regional-de-fada-en-el-noroeste-bonaerense\/","title":{"rendered":"Cronograma 1\u00aa REUNI\u00d3N REGIONAL DE FADA EN EL NOROESTE BONAERENSE"},"content":{"rendered":"<p><a href=\"http:\/\/fadaorg.com.ar\/web\/wp-content\/uploads\/2014\/03\/afiche-1.jpg\"><img loading=\"lazy\" decoding=\"async\" class=\"size-medium wp-image-157 alignleft\" alt=\"1er Reuni\u00f3n Regional 2014\" src=\"http:\/\/fadaorg.com.ar\/web\/wp-content\/uploads\/2014\/03\/afiche-1-213x300.jpg\" width=\"213\" height=\"300\" srcset=\"https:\/\/fada.org.ar\/web\/wp-content\/uploads\/2014\/03\/afiche-1-213x300.jpg 213w, https:\/\/fada.org.ar\/web\/wp-content\/uploads\/2014\/03\/afiche-1-729x1024.jpg 729w, https:\/\/fada.org.ar\/web\/wp-content\/uploads\/2014\/03\/afiche-1.jpg 1488w\" sizes=\"(max-width: 213px) 100vw, 213px\" \/><\/a>Siguiendo con la sana costumbre de reunirnos regionalmente, FADA estar\u00e1 presente junto con aquellos Aeroclubes que deseen llegarse a los pagos de Pehuaj\u00f3, en la Provincia de Buenos Aires, con el objetivo de informar, opinar, debatir y proponer acciones federativas.<\/p>\n<p>&nbsp;<\/p>\n<p>Nuestra experiencia indica, que de estas regionales han salido temas y lineas de acci\u00f3n que luego han posibilitado exponerlas en el seno del Consejo Consultivo para la Aviaci\u00f3n General y Deportiva de la Rep\u00fablica Argentina, del cual FADA, es miembro activo.<\/p>\n<p>&nbsp;<\/p>\n<p>&nbsp;<\/p>\n<p><!--more--><\/p>\n<p>Nos estar\u00e1n acompa\u00f1ando adem\u00e1s para compartir informaci\u00f3n de suma importancia, personal de la Junta de Investigaci\u00f3n de Accidentes de Aviaci\u00f3n Civil, quienes expondr\u00e1n sobre el siguiente temario que nos han hecho llegar:<\/p>\n<ul>\n<li>Presentaci\u00f3n Institucional de la JIAAC<\/li>\n<li>Misi\u00f3n<\/li>\n<li>Funciones<\/li>\n<li>Organizaci\u00f3n<\/li>\n<li>Marco Jur\u00eddico regulatorio<\/li>\n<li>Accidente \/ Incidente<\/li>\n<li><span style=\"line-height: 1.5em;\">Proceso ante la ocurrencia de un accidente<\/span><\/li>\n<li><span style=\"line-height: 1.5em;\">Investigaci\u00f3n de accidente<\/span><\/li>\n<\/ul>\n<p>La presencia de la JIAAC, en esta primera Regional en Pehuaj\u00f3, obedece a un pedido que les hici\u00e9ramos en las Jornadas que la ANAC, llev\u00f3 a cabo en el Aeroclub Chivilcoy, en Noviembre del a\u00f1o pasado, referido a la posibilidad que el organismo nos acompa\u00f1e en las Regionales previstas por FADA, para el a\u00f1o 2014.<\/p>\n<p>Desde FADA, se informar\u00e1 sobre:<\/p>\n<ul>\n<li>Gesti\u00f3n ante la ANAC,<\/li>\n<li>Consejo Consultivo, situaci\u00f3n actual.<\/li>\n<li>Modernizaci\u00f3n del Parque Aeron\u00e1utico Argentino de Escuelas de Vuelo e Instituciones (Uno de los cuatro puntos del Programa Nacional para el Fomento de la Aviaci\u00f3n Civil Argentina, desarrollado por la ANAC)<\/li>\n<li>Proyecto de asignaci\u00f3n de aeronaves y batanes (Sistema Scoring)<\/li>\n<\/ul>\n<p>Vale aclarar que los miembros que asisten desde la Federaci\u00f3n, estar\u00e1n a disposici\u00f3n del Aeroclub anfitri\u00f3n y de los asistentes durante el fin de semana. Asimismo, se avanzar\u00e1 en el proyecto de creaci\u00f3n de la Asociaci\u00f3n de Aeroclubes del NO Bonaerense, AANOB. Antecedentes y Jurisprudencia.<\/p>\n<p>El equipo de Simuladores Guaran\u00ed, tambi\u00e9n se har\u00e1 presente para disponer, durante el fin de semana del primer simulador para Aeroclubes para que los asistentes, alumnos, pilotos e instructores puedan volarlo y evacuar las dudas y\/o consultas con personal especializado. Cabe recordar que FADA, fue part\u00edcipe de este proyecto, que hoy se ha convertido en realidad. El temario ser\u00e1:<\/p>\n<ul>\n<li>Soluciones inform\u00e1ticas para Aeroclubes.<\/li>\n<li>Software de gesti\u00f3n y entrenadores terrestres.<\/li>\n<\/ul>\n<p><strong>Invitamos a los Aeroclubes en general y a los Bonaerenses en particular. A la brevedad estaremos informando el cronograma de actividades&#8230; NOS VEMOS EN PEHUAJ\u00d3..!<\/strong><\/p>\n<p>Por consultas operativas del Aer\u00f3dromo, alojamientos, etc. el contacto es:<\/p>\n<p>I.V DANIEL SANTOS<\/p>\n<p>Cel: 02396-155-49099<\/p>\n<p>e-Mail: aeroclubpehuajo@gmail.com<\/p>\n<p><span style=\"line-height: 1.5em;\">AEROCLUB PEHUAJ\u00d3 (BA) &#8211;\u00a0<\/span>Estamos en Twitter. #1RR_pehuajo &#8211; @1RR_pehuajo<\/p>\n<p>&nbsp;<\/p>\n<h1><strong>CRONOGRAMA ESTIMADO DE ACTIVIDADES<\/strong><\/h1>\n<h2><strong>ACTIVIDADES PARA S\u00c1BADO 22\/03<\/strong><\/h2>\n<p><strong>\u00a014:30 &#8211; 15:45<\/strong>: 1ra. Charla del personal de la JIAAC (exposici\u00f3n y ronda de consultas)<\/p>\n<p>&#8211; Presentaci\u00f3n Institucional de la JIAAC &#8211; Misi\u00f3n &#8211; Funciones &#8211; Organizaci\u00f3n<\/p>\n<p>&#8211; Marco Jur\u00eddico regulatorio &#8211; Accidente \/ Incidente &#8211; Proceso ante la ocurrencia de un accidente &#8211; Investigaci\u00f3n de accidente.<\/p>\n<p><strong>\u00a016:00 &#8211; 16:45<\/strong>: 1ra. Charla informativa sobre la Asoc. Aeroclubes del NO Bonaerense.<\/p>\n<p><strong>\u00a017:00 &#8211; 18:15:<\/strong> 1a. Charla informativa de FADA (Gesti\u00f3n, Reuniones Regionales, para que..? Situaci\u00f3n actual)<\/p>\n<p><strong>\u00a018:30 &#8211; 19:30:<\/strong> Software de gesti\u00f3n y Simulador de vuelo.<\/p>\n<p>&nbsp;<\/p>\n<h2><strong>ACTIVIDADES DOMINGO 23\/03<\/strong><\/h2>\n<p><strong>Registraci\u00f3n de participantes, y actualizaci\u00f3n de datos.<\/strong><\/p>\n<p><strong>10:00 &#8211; 11:15<\/strong>: Software de gesti\u00f3n y Simulador de vuelo<\/p>\n<p><span style=\"line-height: 1.5em;\"><strong>11:30 &#8211; 12:45:<\/strong> 2a. Charla informativa de FADA.<\/span><\/p>\n<p>&#8211; Gesti\u00f3n ante la ANAC &#8211; Consejo Consultivo, situaci\u00f3n actual &#8211; Modernizaci\u00f3n del Parque Aeron\u00e1utico Argentino de Escuelas de Vuelo e Instituciones (Uno de los cuatro puntos del Programa Nacional para el Fomento de la Aviaci\u00f3n Civil Argentina, desarrollado por la ANAC) &#8211; Proyecto de asignaci\u00f3n de aeronaves y batanes (Sistema Scoring)<\/p>\n<p><span style=\"line-height: 1.5em;\"><strong>13:00 &#8211; 14:15:<\/strong> ALMUERZO<\/span><\/p>\n<p><span style=\"line-height: 1.5em;\"><strong>14:30 &#8211; 15:15:<\/strong> 2a. Charla informativa sobre la Asoc. Aeroclubes del NO Bonaerense.<\/span><\/p>\n<p><span style=\"line-height: 1.5em;\"><strong>15:30 &#8211; 16:45:<\/strong> 2a. Charla del personal de la JIAAC (exposici\u00f3n y ronda de consultas)<\/span><\/p>\n<p><strong>16:00<\/strong>: Ronda de consultas, opiniones, debates y conclusiones sobre temas expuestos.<\/p>\n<p><span style=\"line-height: 1.5em;\"><strong>17:00:<\/strong> Cierre de la RR y entrega de certificados de asistencia.<\/span><\/p>\n<p>&nbsp;<\/p>\n","protected":false},"excerpt":{"rendered":"<p>Siguiendo con la sana costumbre de reunirnos regionalmente, FADA estar\u00e1 presente junto con aquellos Aeroclubes que deseen llegarse a los pagos de Pehuaj\u00f3, en la Provincia de Buenos Aires, con el objetivo de informar, opinar, debatir y proponer acciones federativas. &nbsp; Nuestra experiencia indica, que de estas regionales han salido temas y lineas de acci\u00f3n [&hellip;]<\/p>\n","protected":false},"author":1,"featured_media":0,"comment_status":"open","ping_status":"closed","sticky":false,"template":"","format":"standard","meta":{"_et_pb_use_builder":"","_et_pb_old_content":"","_et_gb_content_width":"","footnotes":""},"categories":[2],"tags":[],"class_list":["post-166","post","type-post","status-publish","format-standard","hentry","category-eventos"],"_links":{"self":[{"href":"https:\/\/fada.org.ar\/web\/wp-json\/wp\/v2\/posts\/166","targetHints":{"allow":["GET"]}}],"collection":[{"href":"https:\/\/fada.org.ar\/web\/wp-json\/wp\/v2\/posts"}],"about":[{"href":"https:\/\/fada.org.ar\/web\/wp-json\/wp\/v2\/types\/post"}],"author":[{"embeddable":true,"href":"https:\/\/fada.org.ar\/web\/wp-json\/wp\/v2\/users\/1"}],"replies":[{"embeddable":true,"href":"https:\/\/fada.org.ar\/web\/wp-json\/wp\/v2\/comments?post=166"}],"version-history":[{"count":7,"href":"https:\/\/fada.org.ar\/web\/wp-json\/wp\/v2\/posts\/166\/revisions"}],"predecessor-version":[{"id":173,"href":"https:\/\/fada.org.ar\/web\/wp-json\/wp\/v2\/posts\/166\/revisions\/173"}],"wp:attachment":[{"href":"https:\/\/fada.org.ar\/web\/wp-json\/wp\/v2\/media?parent=166"}],"wp:term":[{"taxonomy":"category","embeddable":true,"href":"https:\/\/fada.org.ar\/web\/wp-json\/wp\/v2\/categories?post=166"},{"taxonomy":"post_tag","embeddable":true,"href":"https:\/\/fada.org.ar\/web\/wp-json\/wp\/v2\/tags?post=166"}],"curies":[{"name":"wp","href":"https:\/\/api.w.org\/{rel}","templated":true}]}}