{"id":18742,"date":"2023-08-11T21:57:07","date_gmt":"2023-08-12T00:57:07","guid":{"rendered":"https:\/\/fada.org.ar\/web\/?p=18742"},"modified":"2023-08-18T11:56:27","modified_gmt":"2023-08-18T14:56:27","slug":"fada-en-los-festejos-por-los-104-anos-del-aeroclub-cordoba-y-visita-al-aeroclub-alta-gracia","status":"publish","type":"post","link":"https:\/\/fada.org.ar\/web\/fada-en-los-festejos-por-los-104-anos-del-aeroclub-cordoba-y-visita-al-aeroclub-alta-gracia\/","title":{"rendered":"FADA, en los festejos por los 104 a\u00f1os del Aeroclub C\u00f3rdoba, y visita al Aeroclub Alta Gracia."},"content":{"rendered":"\n<p>La Federaci\u00f3n Argentina de Aeroclubes (FADA) informa sobre su participaci\u00f3n en los festejos conmemorativos del 104\u00ba aniversario de vida del Aeroclub C\u00f3rdoba, as\u00ed como en la presentaci\u00f3n del libro \u00abAero Club C\u00f3rdoba: M\u00e1s de un siglo de aviaci\u00f3n en el coraz\u00f3n de la Rep\u00fablica Argentina\u00bb, de Francisco Halbritter. Adem\u00e1s, deseamos compartir los resultados de nuestra visita al Aeroclub Alta Gracia, una instituci\u00f3n que ha demostrado un notable crecimiento bajo la direcci\u00f3n del Presidente Lucas Laforte y su equipo.<\/p>\n\n\n\n<p>En el marco de los festejos por el 104\u00ba aniversario del Aeroclub C\u00f3rdoba, autoridades de la Federaci\u00f3n Argentina de Aeroclubes estuvieron presentes para celebrar este hito hist\u00f3rico en la aviaci\u00f3n argentina. El evento cont\u00f3 con una amplia participaci\u00f3n de miembros de la comunidad aeroespacial, entusiastas de la aviaci\u00f3n y l\u00edderes locales. Durante la celebraci\u00f3n, tuvimos el honor de presenciar la presentaci\u00f3n del libro \u00abAero Club C\u00f3rdoba: M\u00e1s de un siglo de aviaci\u00f3n en el coraz\u00f3n de la Rep\u00fablica Argentina\u00bb, una obra que narra con profundidad y detalle la rica historia y contribuciones del Aeroclub C\u00f3rdoba a lo largo de m\u00e1s de cien a\u00f1os de existencia. Agradecemos al Presidente Inti Smith, por habernos honrado con la redacci\u00f3n del pr\u00f3logo dos de la citada obra a la vez que felicitamos a la instituci\u00f3n con base en el Aer\u00f3dromo Coronel Olmedo, por esta invaluable contribuci\u00f3n a la preservaci\u00f3n de la herencia aeroespacial del pa\u00eds.<\/p>\n\n\n\n<p>Asimismo, en un esfuerzo por fortalecer los lazos entre los aeroclubes de Argentina, una delegaci\u00f3n de la FADA tuvo el honor de visitar el Aeroclub Alta Gracia. Esta instituci\u00f3n, bajo el liderazgo del Presidente Lucas Faforte y su dedicado equipo, ha logrado alcanzar un destacado crecimiento en su actividad y membres\u00eda. Durante nuestra visita, quedamos impresionados por la prolijidad de las instalaciones y el entusiasmo palpable entre los socios y participantes. El Aeroclub Alta Gracia ha demostrado c\u00f3mo la pasi\u00f3n por la aviaci\u00f3n y un liderazgo comprometido pueden conducir al desarrollo exitoso de una comunidad aeroespacial vibrante. Con gran satisfacci\u00f3n, observamos c\u00f3mo han incrementado su masa societaria de 50 a 150 miembros, lo que es un logro significativo en el fortalecimiento de la aviaci\u00f3n local.<\/p>\n\n\n\n<p>En conclusi\u00f3n, la Federaci\u00f3n Argentina de Aeroclubes celebra los logros del Aeroclub C\u00f3rdoba en su 104\u00ba aniversario y felicita a todos aquellos que contribuyeron a la realizaci\u00f3n del libro \u00abAero Club C\u00f3rdoba\u00bb. Tambi\u00e9n extendemos nuestras felicitaciones al Aeroclub Alta Gracia por su crecimiento excepcional y agradecemos al Presidente Lucas Faforte y a su equipo por su labor ejemplar en la promoci\u00f3n y desarrollo de la aviaci\u00f3n. Estamos comprometidos en continuar apoyando y fortaleciendo la comunidad aeroespacial en toda la Rep\u00fablica Argentina.<\/p>\n\n\n\n<figure class=\"wp-block-gallery has-nested-images columns-default is-cropped wp-block-gallery-1 is-layout-flex wp-block-gallery-is-layout-flex\">\n<figure class=\"wp-block-image size-large\"><a href=\"https:\/\/fada.org.ar\/web\/wp-content\/uploads\/2023\/08\/20230805_125417-scaled.jpg\"><img loading=\"lazy\" decoding=\"async\" width=\"1024\" height=\"572\" data-id=\"18747\" src=\"https:\/\/fada.org.ar\/web\/wp-content\/uploads\/2023\/08\/20230805_125417-1024x572.jpg\" alt=\"\" class=\"wp-image-18747\" srcset=\"https:\/\/fada.org.ar\/web\/wp-content\/uploads\/2023\/08\/20230805_125417-1024x572.jpg 1024w, https:\/\/fada.org.ar\/web\/wp-content\/uploads\/2023\/08\/20230805_125417-250x140.jpg 250w, https:\/\/fada.org.ar\/web\/wp-content\/uploads\/2023\/08\/20230805_125417-768x429.jpg 768w, https:\/\/fada.org.ar\/web\/wp-content\/uploads\/2023\/08\/20230805_125417-1536x857.jpg 1536w, https:\/\/fada.org.ar\/web\/wp-content\/uploads\/2023\/08\/20230805_125417-2048x1143.jpg 2048w\" sizes=\"(max-width: 1024px) 100vw, 1024px\" \/><\/a><\/figure>\n\n\n\n<figure class=\"wp-block-image size-large\"><a href=\"https:\/\/fada.org.ar\/web\/wp-content\/uploads\/2023\/08\/20230805_135609_HDR-scaled.jpg\"><img loading=\"lazy\" decoding=\"async\" width=\"1024\" height=\"451\" data-id=\"18748\" src=\"https:\/\/fada.org.ar\/web\/wp-content\/uploads\/2023\/08\/20230805_135609_HDR-1024x451.jpg\" alt=\"\" class=\"wp-image-18748\" srcset=\"https:\/\/fada.org.ar\/web\/wp-content\/uploads\/2023\/08\/20230805_135609_HDR-1024x451.jpg 1024w, https:\/\/fada.org.ar\/web\/wp-content\/uploads\/2023\/08\/20230805_135609_HDR-250x110.jpg 250w, https:\/\/fada.org.ar\/web\/wp-content\/uploads\/2023\/08\/20230805_135609_HDR-768x338.jpg 768w, https:\/\/fada.org.ar\/web\/wp-content\/uploads\/2023\/08\/20230805_135609_HDR-1536x676.jpg 1536w, https:\/\/fada.org.ar\/web\/wp-content\/uploads\/2023\/08\/20230805_135609_HDR-2048x901.jpg 2048w\" sizes=\"(max-width: 1024px) 100vw, 1024px\" \/><\/a><\/figure>\n\n\n\n<figure class=\"wp-block-image size-large\"><a href=\"https:\/\/fada.org.ar\/web\/wp-content\/uploads\/2023\/08\/20230805_135818-scaled.jpg\"><img loading=\"lazy\" decoding=\"async\" width=\"1024\" height=\"890\" data-id=\"18743\" src=\"https:\/\/fada.org.ar\/web\/wp-content\/uploads\/2023\/08\/20230805_135818-1024x890.jpg\" alt=\"\" class=\"wp-image-18743\" srcset=\"https:\/\/fada.org.ar\/web\/wp-content\/uploads\/2023\/08\/20230805_135818-1024x890.jpg 1024w, https:\/\/fada.org.ar\/web\/wp-content\/uploads\/2023\/08\/20230805_135818-250x217.jpg 250w, https:\/\/fada.org.ar\/web\/wp-content\/uploads\/2023\/08\/20230805_135818-768x667.jpg 768w, https:\/\/fada.org.ar\/web\/wp-content\/uploads\/2023\/08\/20230805_135818-1536x1335.jpg 1536w, https:\/\/fada.org.ar\/web\/wp-content\/uploads\/2023\/08\/20230805_135818-2048x1780.jpg 2048w\" sizes=\"(max-width: 1024px) 100vw, 1024px\" \/><\/a><\/figure>\n\n\n\n<figure class=\"wp-block-image size-large\"><a href=\"https:\/\/fada.org.ar\/web\/wp-content\/uploads\/2023\/08\/20230805_140038_HDR-scaled.jpg\"><img loading=\"lazy\" decoding=\"async\" width=\"1024\" height=\"451\" data-id=\"18746\" src=\"https:\/\/fada.org.ar\/web\/wp-content\/uploads\/2023\/08\/20230805_140038_HDR-1024x451.jpg\" alt=\"\" class=\"wp-image-18746\" srcset=\"https:\/\/fada.org.ar\/web\/wp-content\/uploads\/2023\/08\/20230805_140038_HDR-1024x451.jpg 1024w, https:\/\/fada.org.ar\/web\/wp-content\/uploads\/2023\/08\/20230805_140038_HDR-250x110.jpg 250w, https:\/\/fada.org.ar\/web\/wp-content\/uploads\/2023\/08\/20230805_140038_HDR-768x338.jpg 768w, https:\/\/fada.org.ar\/web\/wp-content\/uploads\/2023\/08\/20230805_140038_HDR-1536x676.jpg 1536w, https:\/\/fada.org.ar\/web\/wp-content\/uploads\/2023\/08\/20230805_140038_HDR-2048x901.jpg 2048w\" sizes=\"(max-width: 1024px) 100vw, 1024px\" \/><\/a><\/figure>\n\n\n\n<figure class=\"wp-block-image size-large\"><a href=\"https:\/\/fada.org.ar\/web\/wp-content\/uploads\/2023\/08\/20230805_141022_HDR-scaled.jpg\"><img loading=\"lazy\" decoding=\"async\" width=\"1024\" height=\"451\" data-id=\"18749\" src=\"https:\/\/fada.org.ar\/web\/wp-content\/uploads\/2023\/08\/20230805_141022_HDR-1024x451.jpg\" alt=\"\" class=\"wp-image-18749\" srcset=\"https:\/\/fada.org.ar\/web\/wp-content\/uploads\/2023\/08\/20230805_141022_HDR-1024x451.jpg 1024w, https:\/\/fada.org.ar\/web\/wp-content\/uploads\/2023\/08\/20230805_141022_HDR-250x110.jpg 250w, https:\/\/fada.org.ar\/web\/wp-content\/uploads\/2023\/08\/20230805_141022_HDR-768x338.jpg 768w, https:\/\/fada.org.ar\/web\/wp-content\/uploads\/2023\/08\/20230805_141022_HDR-1536x676.jpg 1536w, https:\/\/fada.org.ar\/web\/wp-content\/uploads\/2023\/08\/20230805_141022_HDR-2048x901.jpg 2048w\" sizes=\"(max-width: 1024px) 100vw, 1024px\" \/><\/a><\/figure>\n\n\n\n<figure class=\"wp-block-image size-large\"><a href=\"https:\/\/fada.org.ar\/web\/wp-content\/uploads\/2023\/08\/20230805_142034-scaled.jpg\"><img loading=\"lazy\" decoding=\"async\" width=\"1024\" height=\"451\" data-id=\"18745\" src=\"https:\/\/fada.org.ar\/web\/wp-content\/uploads\/2023\/08\/20230805_142034-1024x451.jpg\" alt=\"\" class=\"wp-image-18745\" srcset=\"https:\/\/fada.org.ar\/web\/wp-content\/uploads\/2023\/08\/20230805_142034-1024x451.jpg 1024w, https:\/\/fada.org.ar\/web\/wp-content\/uploads\/2023\/08\/20230805_142034-250x110.jpg 250w, https:\/\/fada.org.ar\/web\/wp-content\/uploads\/2023\/08\/20230805_142034-768x338.jpg 768w, https:\/\/fada.org.ar\/web\/wp-content\/uploads\/2023\/08\/20230805_142034-1536x676.jpg 1536w, https:\/\/fada.org.ar\/web\/wp-content\/uploads\/2023\/08\/20230805_142034-2048x901.jpg 2048w\" sizes=\"(max-width: 1024px) 100vw, 1024px\" \/><\/a><\/figure>\n\n\n\n<figure class=\"wp-block-image size-large\"><a href=\"https:\/\/fada.org.ar\/web\/wp-content\/uploads\/2023\/08\/20230805_155327-scaled.jpg\"><img loading=\"lazy\" decoding=\"async\" width=\"1024\" height=\"451\" data-id=\"18744\" src=\"https:\/\/fada.org.ar\/web\/wp-content\/uploads\/2023\/08\/20230805_155327-1024x451.jpg\" alt=\"\" class=\"wp-image-18744\" srcset=\"https:\/\/fada.org.ar\/web\/wp-content\/uploads\/2023\/08\/20230805_155327-1024x451.jpg 1024w, https:\/\/fada.org.ar\/web\/wp-content\/uploads\/2023\/08\/20230805_155327-250x110.jpg 250w, https:\/\/fada.org.ar\/web\/wp-content\/uploads\/2023\/08\/20230805_155327-768x338.jpg 768w, https:\/\/fada.org.ar\/web\/wp-content\/uploads\/2023\/08\/20230805_155327-1536x676.jpg 1536w, https:\/\/fada.org.ar\/web\/wp-content\/uploads\/2023\/08\/20230805_155327-2048x901.jpg 2048w\" sizes=\"(max-width: 1024px) 100vw, 1024px\" \/><\/a><\/figure>\n\n\n\n<figure class=\"wp-block-image size-large\"><a href=\"https:\/\/fada.org.ar\/web\/wp-content\/uploads\/2023\/08\/tapa_1.jpeg\"><img loading=\"lazy\" decoding=\"async\" width=\"632\" height=\"1024\" data-id=\"18757\" src=\"https:\/\/fada.org.ar\/web\/wp-content\/uploads\/2023\/08\/tapa_1-632x1024.jpeg\" alt=\"\" class=\"wp-image-18757\" srcset=\"https:\/\/fada.org.ar\/web\/wp-content\/uploads\/2023\/08\/tapa_1-632x1024.jpeg 632w, https:\/\/fada.org.ar\/web\/wp-content\/uploads\/2023\/08\/tapa_1-154x250.jpeg 154w, https:\/\/fada.org.ar\/web\/wp-content\/uploads\/2023\/08\/tapa_1-768x1244.jpeg 768w, https:\/\/fada.org.ar\/web\/wp-content\/uploads\/2023\/08\/tapa_1.jpeg 894w\" sizes=\"(max-width: 632px) 100vw, 632px\" \/><\/a><\/figure>\n\n\n\n<figure class=\"wp-block-image size-large\"><a href=\"https:\/\/fada.org.ar\/web\/wp-content\/uploads\/2023\/08\/tapa_2-scaled.jpeg\"><img loading=\"lazy\" decoding=\"async\" width=\"584\" height=\"1024\" data-id=\"18758\" src=\"https:\/\/fada.org.ar\/web\/wp-content\/uploads\/2023\/08\/tapa_2-584x1024.jpeg\" alt=\"\" class=\"wp-image-18758\" srcset=\"https:\/\/fada.org.ar\/web\/wp-content\/uploads\/2023\/08\/tapa_2-584x1024.jpeg 584w, https:\/\/fada.org.ar\/web\/wp-content\/uploads\/2023\/08\/tapa_2-143x250.jpeg 143w, https:\/\/fada.org.ar\/web\/wp-content\/uploads\/2023\/08\/tapa_2-768x1347.jpeg 768w, https:\/\/fada.org.ar\/web\/wp-content\/uploads\/2023\/08\/tapa_2-876x1536.jpeg 876w, https:\/\/fada.org.ar\/web\/wp-content\/uploads\/2023\/08\/tapa_2-1168x2048.jpeg 1168w, https:\/\/fada.org.ar\/web\/wp-content\/uploads\/2023\/08\/tapa_2-scaled.jpeg 1460w\" sizes=\"(max-width: 584px) 100vw, 584px\" \/><\/a><\/figure>\n\n\n\n<figure class=\"wp-block-image size-large\"><a href=\"https:\/\/fada.org.ar\/web\/wp-content\/uploads\/2023\/08\/tapa_3.jpeg\"><img loading=\"lazy\" decoding=\"async\" width=\"504\" height=\"1024\" data-id=\"18759\" src=\"https:\/\/fada.org.ar\/web\/wp-content\/uploads\/2023\/08\/tapa_3-504x1024.jpeg\" alt=\"\" class=\"wp-image-18759\" srcset=\"https:\/\/fada.org.ar\/web\/wp-content\/uploads\/2023\/08\/tapa_3-504x1024.jpeg 504w, https:\/\/fada.org.ar\/web\/wp-content\/uploads\/2023\/08\/tapa_3-123x250.jpeg 123w, https:\/\/fada.org.ar\/web\/wp-content\/uploads\/2023\/08\/tapa_3-768x1561.jpeg 768w, https:\/\/fada.org.ar\/web\/wp-content\/uploads\/2023\/08\/tapa_3-756x1536.jpeg 756w, https:\/\/fada.org.ar\/web\/wp-content\/uploads\/2023\/08\/tapa_3.jpeg 787w\" sizes=\"(max-width: 504px) 100vw, 504px\" \/><\/a><\/figure>\n<\/figure>\n\n\n\n<figure class=\"wp-block-gallery has-nested-images columns-default is-cropped wp-block-gallery-2 is-layout-flex wp-block-gallery-is-layout-flex\">\n<figure class=\"wp-block-image size-large\"><a href=\"https:\/\/fada.org.ar\/web\/wp-content\/uploads\/2023\/08\/alta_gracia-1.jpeg\"><img loading=\"lazy\" decoding=\"async\" width=\"836\" height=\"494\" data-id=\"18768\" src=\"https:\/\/fada.org.ar\/web\/wp-content\/uploads\/2023\/08\/alta_gracia-1.jpeg\" alt=\"\" class=\"wp-image-18768\" srcset=\"https:\/\/fada.org.ar\/web\/wp-content\/uploads\/2023\/08\/alta_gracia-1.jpeg 836w, https:\/\/fada.org.ar\/web\/wp-content\/uploads\/2023\/08\/alta_gracia-1-250x148.jpeg 250w, https:\/\/fada.org.ar\/web\/wp-content\/uploads\/2023\/08\/alta_gracia-1-768x454.jpeg 768w\" sizes=\"(max-width: 836px) 100vw, 836px\" \/><\/a><\/figure>\n\n\n\n<figure class=\"wp-block-image size-large\"><a href=\"https:\/\/fada.org.ar\/web\/wp-content\/uploads\/2023\/08\/alta_gracia_1-1.jpg\"><img loading=\"lazy\" decoding=\"async\" width=\"593\" height=\"524\" data-id=\"18769\" src=\"https:\/\/fada.org.ar\/web\/wp-content\/uploads\/2023\/08\/alta_gracia_1-1.jpg\" alt=\"\" class=\"wp-image-18769\" srcset=\"https:\/\/fada.org.ar\/web\/wp-content\/uploads\/2023\/08\/alta_gracia_1-1.jpg 593w, https:\/\/fada.org.ar\/web\/wp-content\/uploads\/2023\/08\/alta_gracia_1-1-250x221.jpg 250w\" sizes=\"(max-width: 593px) 100vw, 593px\" \/><\/a><\/figure>\n\n\n\n<figure class=\"wp-block-image size-large\"><a href=\"https:\/\/fada.org.ar\/web\/wp-content\/uploads\/2023\/08\/alta_gracia_2-1.jpeg\"><img loading=\"lazy\" decoding=\"async\" width=\"1024\" height=\"563\" data-id=\"18770\" src=\"https:\/\/fada.org.ar\/web\/wp-content\/uploads\/2023\/08\/alta_gracia_2-1-1024x563.jpeg\" alt=\"\" class=\"wp-image-18770\" srcset=\"https:\/\/fada.org.ar\/web\/wp-content\/uploads\/2023\/08\/alta_gracia_2-1-1024x563.jpeg 1024w, https:\/\/fada.org.ar\/web\/wp-content\/uploads\/2023\/08\/alta_gracia_2-1-250x137.jpeg 250w, https:\/\/fada.org.ar\/web\/wp-content\/uploads\/2023\/08\/alta_gracia_2-1-768x422.jpeg 768w, https:\/\/fada.org.ar\/web\/wp-content\/uploads\/2023\/08\/alta_gracia_2-1-1536x844.jpeg 1536w, https:\/\/fada.org.ar\/web\/wp-content\/uploads\/2023\/08\/alta_gracia_2-1.jpeg 1600w\" sizes=\"(max-width: 1024px) 100vw, 1024px\" \/><\/a><\/figure>\n<\/figure>\n\n\n\n<p><\/p>\n","protected":false},"excerpt":{"rendered":"<p>La Federaci\u00f3n Argentina de Aeroclubes (FADA) informa sobre su participaci\u00f3n en los festejos conmemorativos del 104\u00ba aniversario de vida del Aeroclub C\u00f3rdoba, as\u00ed como en la presentaci\u00f3n del libro \u00abAero Club C\u00f3rdoba: M\u00e1s de un siglo de aviaci\u00f3n en el coraz\u00f3n de la Rep\u00fablica Argentina\u00bb, de Francisco Halbritter. Adem\u00e1s, deseamos compartir los resultados de nuestra [&hellip;]<\/p>\n","protected":false},"author":2,"featured_media":18753,"comment_status":"open","ping_status":"closed","sticky":false,"template":"","format":"standard","meta":{"_et_pb_use_builder":"","_et_pb_old_content":"","_et_gb_content_width":"","footnotes":""},"categories":[8],"tags":[],"class_list":["post-18742","post","type-post","status-publish","format-standard","has-post-thumbnail","hentry","category-noticias"],"_links":{"self":[{"href":"https:\/\/fada.org.ar\/web\/wp-json\/wp\/v2\/posts\/18742","targetHints":{"allow":["GET"]}}],"collection":[{"href":"https:\/\/fada.org.ar\/web\/wp-json\/wp\/v2\/posts"}],"about":[{"href":"https:\/\/fada.org.ar\/web\/wp-json\/wp\/v2\/types\/post"}],"author":[{"embeddable":true,"href":"https:\/\/fada.org.ar\/web\/wp-json\/wp\/v2\/users\/2"}],"replies":[{"embeddable":true,"href":"https:\/\/fada.org.ar\/web\/wp-json\/wp\/v2\/comments?post=18742"}],"version-history":[{"count":6,"href":"https:\/\/fada.org.ar\/web\/wp-json\/wp\/v2\/posts\/18742\/revisions"}],"predecessor-version":[{"id":18773,"href":"https:\/\/fada.org.ar\/web\/wp-json\/wp\/v2\/posts\/18742\/revisions\/18773"}],"wp:featuredmedia":[{"embeddable":true,"href":"https:\/\/fada.org.ar\/web\/wp-json\/wp\/v2\/media\/18753"}],"wp:attachment":[{"href":"https:\/\/fada.org.ar\/web\/wp-json\/wp\/v2\/media?parent=18742"}],"wp:term":[{"taxonomy":"category","embeddable":true,"href":"https:\/\/fada.org.ar\/web\/wp-json\/wp\/v2\/categories?post=18742"},{"taxonomy":"post_tag","embeddable":true,"href":"https:\/\/fada.org.ar\/web\/wp-json\/wp\/v2\/tags?post=18742"}],"curies":[{"name":"wp","href":"https:\/\/api.w.org\/{rel}","templated":true}]}}