{"id":18877,"date":"2023-12-19T13:16:35","date_gmt":"2023-12-19T16:16:35","guid":{"rendered":"https:\/\/fada.org.ar\/web\/?p=18877"},"modified":"2023-12-19T16:48:21","modified_gmt":"2023-12-19T19:48:21","slug":"participacion-de-fada-en-la-colacion-de-alumnos-del-inac-reconocimiento-a-los-mejores-promedios-en-piloto-comercial","status":"publish","type":"post","link":"https:\/\/fada.org.ar\/web\/participacion-de-fada-en-la-colacion-de-alumnos-del-inac-reconocimiento-a-los-mejores-promedios-en-piloto-comercial\/","title":{"rendered":"Participaci\u00f3n de FADA en la colaci\u00f3n de Alumnos del INAC. Reconocimiento a los Mejores Promedios en Piloto Comercial"},"content":{"rendered":"\n<p class=\"has-contrast-color has-text-color\">En un emotivo acto de colaci\u00f3n de alumnos del Instituto Nacional de Aviaci\u00f3n Civil (INAC), la Federaci\u00f3n Argentina de Aeroclubes (FADA) se hizo presente para reconocer y premiar a los estudiantes con los mejores promedios en el Curso Piloto Comercial.<\/p>\n\n\n\n<p class=\"has-contrast-color has-text-color\">Integrantes del Comit\u00e9 Ejecutivo de FADA entregaron obsequios a los destacados alumnos, resaltando el esfuerzo y dedicaci\u00f3n demostrados durante su formaci\u00f3n. El evento cont\u00f3 con la presencia de Javier Hermida (INAC) y autoridades de la Fuerza A\u00e9rea Argentina, quienes desempe\u00f1aron un papel fundamental al facilitar la participaci\u00f3n de FADA en este significativo momento para los egresados.<\/p>\n\n\n\n<p class=\"has-contrast-color has-text-color\">Los galardonados fueron anunciados con entusiasmo durante la ceremonia. Roci\u00f3 Castro, de la Divisi\u00f3n \u00abA\u00bb, se hizo merecedora del 1\u00ba Premio en el Curso Piloto Comercial. Por su parte, Jaime Moreno, perteneciente al Aeroclub Pergamino (BA) y de la Divisi\u00f3n \u00abB\u00bb, obtuvo el 1\u00ba Promedio en la misma categor\u00eda.<\/p>\n\n\n\n<p class=\"has-contrast-color has-text-color\">Los representantes de FADA, Daniel Santos, Sergio Quiroga y Martin Rodriguez, expresaron su compromiso continuo con la promoci\u00f3n y apoyo a la excelencia acad\u00e9mica en el \u00e1mbito aeron\u00e1utico. Este gesto refleja la importancia de reconocer el esfuerzo y la dedicaci\u00f3n de los j\u00f3venes profesionales que han culminado su formaci\u00f3n en el INAC.<\/p>\n\n\n\n<p class=\"has-contrast-color has-text-color\">Por el INAC, Javier Hermida comparti\u00f3 unas palabras de felicitaci\u00f3n y aliento para los egresados. Su contribuci\u00f3n fue fundamental para que FADA pudiera ser parte de este significativo acto de cierre de etapa acad\u00e9mica.<\/p>\n\n\n\n<p class=\"has-contrast-color has-text-color\">La presencia de FADA en la colaci\u00f3n de alumnos del INAC resalta la importancia de la colaboraci\u00f3n entre instituciones y organizaciones en el fomento del crecimiento y la excelencia en la formaci\u00f3n aeron\u00e1utica. La comunidad educativa, representantes de la industria y los propios estudiantes celebraron juntos este hito, marcando el inicio de una nueva etapa en la carrera profesional de los graduados.<\/p>\n\n\n\n<p>De izq. a der.: Sergio Quiroga, Daniel Santos, Mart\u00edn Rodriguez (FADA), Javier Hermida (INAC), y Jaime Moreno, Egresado.<\/p>\n\n\n\n<figure class=\"wp-block-gallery has-nested-images columns-default is-cropped wp-block-gallery-1 is-layout-flex wp-block-gallery-is-layout-flex\">\n<figure class=\"wp-block-image size-large\"><img loading=\"lazy\" decoding=\"async\" width=\"768\" height=\"1024\" data-id=\"18886\" src=\"https:\/\/fada.org.ar\/web\/wp-content\/uploads\/2023\/12\/INAC_1-2-768x1024.jpeg\" alt=\"\" class=\"wp-image-18886\" srcset=\"https:\/\/fada.org.ar\/web\/wp-content\/uploads\/2023\/12\/INAC_1-2-768x1024.jpeg 768w, https:\/\/fada.org.ar\/web\/wp-content\/uploads\/2023\/12\/INAC_1-2-188x250.jpeg 188w, https:\/\/fada.org.ar\/web\/wp-content\/uploads\/2023\/12\/INAC_1-2-1152x1536.jpeg 1152w, https:\/\/fada.org.ar\/web\/wp-content\/uploads\/2023\/12\/INAC_1-2.jpeg 1200w\" sizes=\"(max-width: 768px) 100vw, 768px\" \/><\/figure>\n\n\n\n<figure class=\"wp-block-image size-large\"><img loading=\"lazy\" decoding=\"async\" width=\"835\" height=\"836\" data-id=\"18887\" src=\"https:\/\/fada.org.ar\/web\/wp-content\/uploads\/2023\/12\/INAC_3.jpeg\" alt=\"\" class=\"wp-image-18887\" srcset=\"https:\/\/fada.org.ar\/web\/wp-content\/uploads\/2023\/12\/INAC_3.jpeg 835w, https:\/\/fada.org.ar\/web\/wp-content\/uploads\/2023\/12\/INAC_3-250x250.jpeg 250w, https:\/\/fada.org.ar\/web\/wp-content\/uploads\/2023\/12\/INAC_3-150x150.jpeg 150w, https:\/\/fada.org.ar\/web\/wp-content\/uploads\/2023\/12\/INAC_3-768x769.jpeg 768w\" sizes=\"(max-width: 835px) 100vw, 835px\" \/><\/figure>\n<\/figure>\n","protected":false},"excerpt":{"rendered":"<p>En un emotivo acto de colaci\u00f3n de alumnos del Instituto Nacional de Aviaci\u00f3n Civil (INAC), la Federaci\u00f3n Argentina de Aeroclubes (FADA) se hizo presente para reconocer y premiar a los estudiantes con los mejores promedios en el Curso Piloto Comercial. Integrantes del Comit\u00e9 Ejecutivo de FADA entregaron obsequios a los destacados alumnos, resaltando el esfuerzo [&hellip;]<\/p>\n","protected":false},"author":2,"featured_media":18878,"comment_status":"open","ping_status":"closed","sticky":false,"template":"","format":"standard","meta":{"_et_pb_use_builder":"","_et_pb_old_content":"","_et_gb_content_width":"","footnotes":""},"categories":[8],"tags":[],"class_list":["post-18877","post","type-post","status-publish","format-standard","has-post-thumbnail","hentry","category-noticias"],"_links":{"self":[{"href":"https:\/\/fada.org.ar\/web\/wp-json\/wp\/v2\/posts\/18877","targetHints":{"allow":["GET"]}}],"collection":[{"href":"https:\/\/fada.org.ar\/web\/wp-json\/wp\/v2\/posts"}],"about":[{"href":"https:\/\/fada.org.ar\/web\/wp-json\/wp\/v2\/types\/post"}],"author":[{"embeddable":true,"href":"https:\/\/fada.org.ar\/web\/wp-json\/wp\/v2\/users\/2"}],"replies":[{"embeddable":true,"href":"https:\/\/fada.org.ar\/web\/wp-json\/wp\/v2\/comments?post=18877"}],"version-history":[{"count":5,"href":"https:\/\/fada.org.ar\/web\/wp-json\/wp\/v2\/posts\/18877\/revisions"}],"predecessor-version":[{"id":18888,"href":"https:\/\/fada.org.ar\/web\/wp-json\/wp\/v2\/posts\/18877\/revisions\/18888"}],"wp:featuredmedia":[{"embeddable":true,"href":"https:\/\/fada.org.ar\/web\/wp-json\/wp\/v2\/media\/18878"}],"wp:attachment":[{"href":"https:\/\/fada.org.ar\/web\/wp-json\/wp\/v2\/media?parent=18877"}],"wp:term":[{"taxonomy":"category","embeddable":true,"href":"https:\/\/fada.org.ar\/web\/wp-json\/wp\/v2\/categories?post=18877"},{"taxonomy":"post_tag","embeddable":true,"href":"https:\/\/fada.org.ar\/web\/wp-json\/wp\/v2\/tags?post=18877"}],"curies":[{"name":"wp","href":"https:\/\/api.w.org\/{rel}","templated":true}]}}