{"id":19431,"date":"2024-12-14T13:09:38","date_gmt":"2024-12-14T16:09:38","guid":{"rendered":"https:\/\/fada.org.ar\/web\/?p=19431"},"modified":"2024-12-14T13:40:57","modified_gmt":"2024-12-14T16:40:57","slug":"fada-solicita-prorroga-para-la-certificacion-teorica-de-pilotos-privados-y-obtiene-respuesta-favorable","status":"publish","type":"post","link":"https:\/\/fada.org.ar\/web\/fada-solicita-prorroga-para-la-certificacion-teorica-de-pilotos-privados-y-obtiene-respuesta-favorable\/","title":{"rendered":"FADA solicita pr\u00f3rroga para la certificaci\u00f3n te\u00f3rica de pilotos privados y obtiene respuesta favorable."},"content":{"rendered":"\n<p>La Federaci\u00f3n Argentina de Aeroclubes (FADA) ha logrado, a trav\u00e9s de la gesti\u00f3n llevada adelante por el CONAV, la suspensi\u00f3n de la exigencia del curso te\u00f3rico y certificaci\u00f3n te\u00f3rica para pilotos privados de avi\u00f3n y planeador. A trav\u00e9s de una nota oficial -que acompa\u00f1amos- la Administraci\u00f3n Nacional de Aviaci\u00f3n Civil (ANAC) ha manifestado su acuerdo con la solicitud presentada por la FADA.<\/p>\n\n\n\n<p>En el expediente EX-2024-132134875, la FADA hab\u00eda solicitado la suspensi\u00f3n temporal de la exigencia del curso y certificado te\u00f3rico para pilotos privados, argumentando la necesidad de contar con un plazo adicional para adecuarse a los nuevos requerimientos. La ANAC, tras evaluar la solicitud, ha resuelto prorrogar esta exigencia por un per\u00edodo m\u00ednimo de 365 d\u00edas.<\/p>\n\n\n\n<p>Esta decisi\u00f3n representa un avance significativo para la FADA y para los aeroclubes del pa\u00eds, quienes podr\u00e1n contar con un margen de maniobra m\u00e1s amplio para implementar los cambios necesarios en sus programas de formaci\u00f3n. La pr\u00f3rroga permitir\u00e1 a los pilotos en formaci\u00f3n y a las instituciones de ense\u00f1anza adaptarse a las nuevas normativas de manera m\u00e1s gradual.<\/p>\n\n\n\n<div data-wp-interactive=\"core\/file\" class=\"wp-block-file\"><object data-wp-bind--hidden=\"!state.hasPdfPreview\" hidden class=\"wp-block-file__embed\" data=\"https:\/\/fada.org.ar\/web\/wp-content\/uploads\/2024\/12\/IF-2024-136918967-APN-DNSOANAC-1.pdf\" type=\"application\/pdf\" style=\"width:100%;height:600px\" aria-label=\"Incrustado de IF-2024-136918967-APN-DNSO#ANAC (1).\"><\/object><a id=\"wp-block-file--media-48d79212-8c6e-4df9-ae5a-c27ef4800809\" href=\"https:\/\/fada.org.ar\/web\/wp-content\/uploads\/2024\/12\/IF-2024-136918967-APN-DNSOANAC-1.pdf\">IF-2024-136918967-APN-DNSO#ANAC (1)<\/a><a href=\"https:\/\/fada.org.ar\/web\/wp-content\/uploads\/2024\/12\/IF-2024-136918967-APN-DNSOANAC-1.pdf\" class=\"wp-block-file__button wp-element-button\" download aria-describedby=\"wp-block-file--media-48d79212-8c6e-4df9-ae5a-c27ef4800809\">Descarga<\/a><\/div>\n","protected":false},"excerpt":{"rendered":"<p>La Federaci\u00f3n Argentina de Aeroclubes (FADA) ha logrado, a trav\u00e9s de la gesti\u00f3n llevada adelante por el CONAV, la suspensi\u00f3n de la exigencia del curso te\u00f3rico y certificaci\u00f3n te\u00f3rica para pilotos privados de avi\u00f3n y planeador. A trav\u00e9s de una nota oficial -que acompa\u00f1amos- la Administraci\u00f3n Nacional de Aviaci\u00f3n Civil (ANAC) ha manifestado su acuerdo [&hellip;]<\/p>\n","protected":false},"author":2,"featured_media":19437,"comment_status":"open","ping_status":"closed","sticky":false,"template":"","format":"standard","meta":{"_et_pb_use_builder":"","_et_pb_old_content":"","_et_gb_content_width":"","footnotes":""},"categories":[8],"tags":[],"class_list":["post-19431","post","type-post","status-publish","format-standard","has-post-thumbnail","hentry","category-noticias"],"_links":{"self":[{"href":"https:\/\/fada.org.ar\/web\/wp-json\/wp\/v2\/posts\/19431","targetHints":{"allow":["GET"]}}],"collection":[{"href":"https:\/\/fada.org.ar\/web\/wp-json\/wp\/v2\/posts"}],"about":[{"href":"https:\/\/fada.org.ar\/web\/wp-json\/wp\/v2\/types\/post"}],"author":[{"embeddable":true,"href":"https:\/\/fada.org.ar\/web\/wp-json\/wp\/v2\/users\/2"}],"replies":[{"embeddable":true,"href":"https:\/\/fada.org.ar\/web\/wp-json\/wp\/v2\/comments?post=19431"}],"version-history":[{"count":3,"href":"https:\/\/fada.org.ar\/web\/wp-json\/wp\/v2\/posts\/19431\/revisions"}],"predecessor-version":[{"id":19438,"href":"https:\/\/fada.org.ar\/web\/wp-json\/wp\/v2\/posts\/19431\/revisions\/19438"}],"wp:featuredmedia":[{"embeddable":true,"href":"https:\/\/fada.org.ar\/web\/wp-json\/wp\/v2\/media\/19437"}],"wp:attachment":[{"href":"https:\/\/fada.org.ar\/web\/wp-json\/wp\/v2\/media?parent=19431"}],"wp:term":[{"taxonomy":"category","embeddable":true,"href":"https:\/\/fada.org.ar\/web\/wp-json\/wp\/v2\/categories?post=19431"},{"taxonomy":"post_tag","embeddable":true,"href":"https:\/\/fada.org.ar\/web\/wp-json\/wp\/v2\/tags?post=19431"}],"curies":[{"name":"wp","href":"https:\/\/api.w.org\/{rel}","templated":true}]}}