{"id":19536,"date":"2025-04-04T18:59:47","date_gmt":"2025-04-04T21:59:47","guid":{"rendered":"https:\/\/fada.org.ar\/web\/?p=19536"},"modified":"2025-04-04T19:28:09","modified_gmt":"2025-04-04T22:28:09","slug":"luz-verde-para-el-festival-aereo-del-centenario-en-rafaela-la-anac-autoriza-el-evento-bajo-nueva-normativa","status":"publish","type":"post","link":"https:\/\/fada.org.ar\/web\/luz-verde-para-el-festival-aereo-del-centenario-en-rafaela-la-anac-autoriza-el-evento-bajo-nueva-normativa\/","title":{"rendered":"Luz Verde para el Festival A\u00e9reo del Centenario en Rafaela. La ANAC autoriza el evento, bajo nueva normativa."},"content":{"rendered":"\n<p>Esta disposici\u00f3n de la ANAC es m\u00e1s que un simple tr\u00e1mite burocr\u00e1tico; es la confirmaci\u00f3n oficial de que los amantes de la aviaci\u00f3n y la comunidad de Rafaela podr\u00e1n celebrar a lo grande los 100 a\u00f1os de su Aero Club. La decisi\u00f3n de la Direcci\u00f3n Nacional de Seguridad Operacional (DNSO) no solo da el visto bueno al evento programado para el 5 y 6 de abril de 2025, sino que tambi\u00e9n subraya la importancia que la autoridad aeron\u00e1utica otorga a la promoci\u00f3n de la actividad a\u00e9rea y a la celebraci\u00f3n de hitos significativos para la aviaci\u00f3n civil argentina.<\/p>\n\n\n\n<p>Es crucial destacar que esta autorizaci\u00f3n no es un cheque en blanco. La ANAC, actuando como el garante de la seguridad en nuestros cielos, fundamenta su decisi\u00f3n en el cumplimiento de la normativa vigente, especialmente la Resoluci\u00f3n <a href=\"https:\/\/fada.org.ar\/web\/novedad-sobre-festivales-aereos\/\"><strong>134\/2025<\/strong><\/a>, que establece los rigurosos requisitos para este tipo de eventos. Esto nos dice, como siempre, que <strong>la seguridad operacional es la prioridad n\u00famero uno<\/strong> para la autoridad aeron\u00e1utica.<\/p>\n\n\n\n<p>La menci\u00f3n de un anexo con \u00abcondiciones particulares\u00bb es un detalle que los entusiastas y organizadores deben tener muy en cuenta. Este documento adjunto contendr\u00e1 los pormenores espec\u00edficos que el Aero Club Rafaela deber\u00e1 cumplir al pie de la letra para garantizar un espect\u00e1culo seguro y disfrutable para todos los asistentes. Esto podr\u00eda incluir desde la disposici\u00f3n de las aeronaves en tierra y en vuelo, hasta los protocolos de emergencia y las medidas de seguridad para el p\u00fablico.<\/p>\n\n\n\n<p>La cl\u00e1usula de \u00abvigencia de 30 d\u00edas\u00bb con fines de reprogramaci\u00f3n por condiciones meteorol\u00f3gicas adversas** es una muestra de la sensibilidad de la ANAC ante los imprevistos del clima, algo inherente a la actividad aeron\u00e1utica. Esto brinda una ventana de oportunidad para que el festival se lleve a cabo incluso si el tiempo no acompa\u00f1a en las fechas originales, lo cual es una excelente noticia para los organizadores y el p\u00fablico.<\/p>\n\n\n\n<p>Finalmente, la designaci\u00f3n del Jefe del Aer\u00f3dromo y los Auxiliares reconocidos como responsables de la fiscalizaci\u00f3n es un recordatorio de que la supervisi\u00f3n del evento ser\u00e1 exhaustiva y se realizar\u00e1 in situ. Ellos ser\u00e1n los ojos y o\u00eddos de la ANAC durante el festival, asegurando que se cumplan todos los requisitos y que la seguridad no se vea comprometida en ning\u00fan momento.<\/p>\n\n\n\n<p>En conclusi\u00f3n. Esta disposici\u00f3n es una excelente noticia para Rafaela y para la aviaci\u00f3n argentina en general. Marca la autorizaci\u00f3n formal para un evento que promete ser una celebraci\u00f3n memorable. Sin embargo, tambi\u00e9n nos recuerda el marco regulatorio estricto y la prioridad absoluta de la seguridad que rigen toda actividad a\u00e9rea en nuestro pa\u00eds. Estaremos atentos a los detalles del Anexo y a c\u00f3mo se desarrollar\u00e1 este esperado festival.<\/p>\n\n\n\n<div data-wp-interactive=\"core\/file\" class=\"wp-block-file\"><object data-wp-bind--hidden=\"!state.hasPdfPreview\" hidden class=\"wp-block-file__embed\" data=\"https:\/\/fada.org.ar\/web\/wp-content\/uploads\/2025\/04\/DI-2025-35116116-APN-DNSOANAC.pdf\" type=\"application\/pdf\" style=\"width:100%;height:600px\" aria-label=\"Incrustado de DI-2025-35116116-APN-DNSO%ANAC.\"><\/object><a id=\"wp-block-file--media-b690aea8-86f1-4854-8335-f3d25295ed69\" href=\"https:\/\/fada.org.ar\/web\/wp-content\/uploads\/2025\/04\/DI-2025-35116116-APN-DNSOANAC.pdf\">DI-2025-35116116-APN-DNSO%ANAC<\/a><a href=\"https:\/\/fada.org.ar\/web\/wp-content\/uploads\/2025\/04\/DI-2025-35116116-APN-DNSOANAC.pdf\" class=\"wp-block-file__button wp-element-button\" download aria-describedby=\"wp-block-file--media-b690aea8-86f1-4854-8335-f3d25295ed69\">Descarga<\/a><\/div>\n\n\n\n<p><\/p>\n","protected":false},"excerpt":{"rendered":"<p>Esta disposici\u00f3n de la ANAC es m\u00e1s que un simple tr\u00e1mite burocr\u00e1tico; es la confirmaci\u00f3n oficial de que los amantes de la aviaci\u00f3n y la comunidad de Rafaela podr\u00e1n celebrar a lo grande los 100 a\u00f1os de su Aero Club. La decisi\u00f3n de la Direcci\u00f3n Nacional de Seguridad Operacional (DNSO) no solo da el visto [&hellip;]<\/p>\n","protected":false},"author":2,"featured_media":19541,"comment_status":"open","ping_status":"closed","sticky":false,"template":"","format":"standard","meta":{"_et_pb_use_builder":"","_et_pb_old_content":"","_et_gb_content_width":"","footnotes":""},"categories":[8],"tags":[],"class_list":["post-19536","post","type-post","status-publish","format-standard","has-post-thumbnail","hentry","category-noticias"],"_links":{"self":[{"href":"https:\/\/fada.org.ar\/web\/wp-json\/wp\/v2\/posts\/19536","targetHints":{"allow":["GET"]}}],"collection":[{"href":"https:\/\/fada.org.ar\/web\/wp-json\/wp\/v2\/posts"}],"about":[{"href":"https:\/\/fada.org.ar\/web\/wp-json\/wp\/v2\/types\/post"}],"author":[{"embeddable":true,"href":"https:\/\/fada.org.ar\/web\/wp-json\/wp\/v2\/users\/2"}],"replies":[{"embeddable":true,"href":"https:\/\/fada.org.ar\/web\/wp-json\/wp\/v2\/comments?post=19536"}],"version-history":[{"count":4,"href":"https:\/\/fada.org.ar\/web\/wp-json\/wp\/v2\/posts\/19536\/revisions"}],"predecessor-version":[{"id":19545,"href":"https:\/\/fada.org.ar\/web\/wp-json\/wp\/v2\/posts\/19536\/revisions\/19545"}],"wp:featuredmedia":[{"embeddable":true,"href":"https:\/\/fada.org.ar\/web\/wp-json\/wp\/v2\/media\/19541"}],"wp:attachment":[{"href":"https:\/\/fada.org.ar\/web\/wp-json\/wp\/v2\/media?parent=19536"}],"wp:term":[{"taxonomy":"category","embeddable":true,"href":"https:\/\/fada.org.ar\/web\/wp-json\/wp\/v2\/categories?post=19536"},{"taxonomy":"post_tag","embeddable":true,"href":"https:\/\/fada.org.ar\/web\/wp-json\/wp\/v2\/tags?post=19536"}],"curies":[{"name":"wp","href":"https:\/\/api.w.org\/{rel}","templated":true}]}}