{"id":20228,"date":"2026-04-27T11:13:27","date_gmt":"2026-04-27T14:13:27","guid":{"rendered":"https:\/\/fada.org.ar\/web\/?p=20228"},"modified":"2026-04-27T11:13:31","modified_gmt":"2026-04-27T14:13:31","slug":"experiencia-aeroclub-2026-el-vuelo-federal-que-comenzo-en-lujan","status":"publish","type":"post","link":"https:\/\/fada.org.ar\/web\/experiencia-aeroclub-2026-el-vuelo-federal-que-comenzo-en-lujan\/","title":{"rendered":"Experiencia Aeroclub 2026: El vuelo federal que comenz\u00f3 en Luj\u00e1n."},"content":{"rendered":"\n<p>El S\u00e1bado 25 de Abril, Luj\u00e1n fue mucho m\u00e1s que una ciudad bonaerense; se convirti\u00f3 en el coraz\u00f3n de la Aviaci\u00f3n Civil Argentina. El <strong>Encuentro de Comisiones Directivas: Experiencia Aeroclub 2026<\/strong> reuni\u00f3 a representantes de todo el pa\u00eds con una idea clara: trabajar en equipo para fortalecer nuestras instituciones.<\/p>\n\n\n\n<p>No fue el t\u00edpico evento protocolar de discursos largos. Se sinti\u00f3, m\u00e1s bien, como un verdadero punto de partida. Las charlas, dejaron ver que sin importar los kil\u00f3metros de distancia, <strong>a todos los mueve la misma pasi\u00f3n y las mismas ganas de construir juntos<\/strong>. La Federaci\u00f3n Argentina de Aeroclubes (FADA) tambi\u00e9n dio el presente para escuchar, responder inquietudes y sumar su granito de arena a esta sinergia tan necesaria.<\/p>\n\n\n\n<p>El esp\u00edritu federal se not\u00f3 tanto en la pista como en las mesas de trabajo. Asistieron representantes de una enorme variedad de aeroclubes: <strong>Bol\u00edvar, Bragado, Chacabuco, Chivilcoy, Concepci\u00f3n del Uruguay, Formosa, Fort\u00edn Lobos, General Pico, Guardia del Monte, Jun\u00edn, La Cumbre, La Plata, Navarro, Neuqu\u00e9n, Paran\u00e1, Pehuaj\u00f3, Pirincho Cicar\u00e9, Punta Alta, San Nicol\u00e1s, San Pedro, Santiago del Estero, 9 de Julio y el Club de Planeadores Urdinarrain<\/strong>. Incluso, directivos que no pudieron viajar, como los de los aeroclubes de Escobar y Santa Teresita, ya se sumaron a la red virtual para no quedarse afuera de lo que viene.<\/p>\n\n\n\n<p>\u00bfQu\u00e9 nos dej\u00f3 esta jornada? Mucho m\u00e1s que buenas intenciones y las excelentes fotos que captur\u00f3 @agus.rosario23 (Agustina Rosario Galeano) de principio a fin (algunas de ellas tendr\u00e1n su espacio en la pr\u00f3xima edici\u00f3n de FADA Express). <strong>Cada instituci\u00f3n pudo contar su realidad diaria, intercambiar experiencias y llevarse herramientas concretas<\/strong>. Adem\u00e1s, se arm\u00f3 un grupo de trabajo directo con objetivos muy claros: desde difundir calendarios de actividades y gestionar apoyo ante FADA, hasta compartir rese\u00f1as sobre proveedores aeron\u00e1uticos. Sobre este punto, habr\u00e1 novedades a la brevedad.<\/p>\n\n\n\n<p>El entusiasmo fue tan grande que hubo acuerdo un\u00e1nime en el sal\u00f3n: esto tiene que repetirse. As\u00ed que, cada tres o cuatro meses, la br\u00fajula apuntar\u00e1 a una nueva sede para mantener vivo este espacio de di\u00e1logo. <strong>La pr\u00f3xima parada ya tiene coordenadas confirmadas y ser\u00e1 nada menos que en el Aeroclub 9 de Julio<\/strong>.<\/p>\n\n\n\n<p>Queda un enorme reconocimiento para los anfitriones del <strong>Aeroclub Luj\u00e1n<\/strong>. Su equipo, encabezado por el presidente Gustavo Berti, junto a Leandro Dallas en el MKT, abri\u00f3 las puertas de casa y brind\u00f3 una atenci\u00f3n impecable. Tambi\u00e9n hubo un aplauso cerrado para la gente del Restobar Hangar Cero, que mantuvo a todos con energ\u00eda desde el desayuno hasta la merienda. Quienes quieran revivir el encuentro o buscarse entre los asistentes, ya pueden ver m\u00e1s de cien im\u00e1genes de la jornada en <a href=\"http:\/\/www.aeroclublujan.com.ar\/fotos\">www.aeroclublujan.com.ar\/fotos<\/a>.<\/p>\n\n\n\n<p>Esto reci\u00e9n se inicia. Ayer en Luj\u00e1n qued\u00f3 demostrado que cuando el sistema aeroclubista se re\u00fane, se acompa\u00f1a y tira para el mismo lado, el crecimiento es mucho m\u00e1s grande. Nos vemos en la pr\u00f3xima escala.<\/p>\n","protected":false},"excerpt":{"rendered":"<p>El S\u00e1bado 25 de Abril, Luj\u00e1n fue mucho m\u00e1s que una ciudad bonaerense; se convirti\u00f3 en el coraz\u00f3n de la Aviaci\u00f3n Civil Argentina. El Encuentro de Comisiones Directivas: Experiencia Aeroclub 2026 reuni\u00f3 a representantes de todo el pa\u00eds con una idea clara: trabajar en equipo para fortalecer nuestras instituciones. No fue el t\u00edpico evento protocolar [&hellip;]<\/p>\n","protected":false},"author":2,"featured_media":20229,"comment_status":"open","ping_status":"closed","sticky":false,"template":"","format":"standard","meta":{"_et_pb_use_builder":"off","_et_pb_old_content":"","_et_gb_content_width":"","footnotes":""},"categories":[8],"tags":[],"class_list":["post-20228","post","type-post","status-publish","format-standard","has-post-thumbnail","hentry","category-noticias"],"_links":{"self":[{"href":"https:\/\/fada.org.ar\/web\/wp-json\/wp\/v2\/posts\/20228","targetHints":{"allow":["GET"]}}],"collection":[{"href":"https:\/\/fada.org.ar\/web\/wp-json\/wp\/v2\/posts"}],"about":[{"href":"https:\/\/fada.org.ar\/web\/wp-json\/wp\/v2\/types\/post"}],"author":[{"embeddable":true,"href":"https:\/\/fada.org.ar\/web\/wp-json\/wp\/v2\/users\/2"}],"replies":[{"embeddable":true,"href":"https:\/\/fada.org.ar\/web\/wp-json\/wp\/v2\/comments?post=20228"}],"version-history":[{"count":2,"href":"https:\/\/fada.org.ar\/web\/wp-json\/wp\/v2\/posts\/20228\/revisions"}],"predecessor-version":[{"id":20231,"href":"https:\/\/fada.org.ar\/web\/wp-json\/wp\/v2\/posts\/20228\/revisions\/20231"}],"wp:featuredmedia":[{"embeddable":true,"href":"https:\/\/fada.org.ar\/web\/wp-json\/wp\/v2\/media\/20229"}],"wp:attachment":[{"href":"https:\/\/fada.org.ar\/web\/wp-json\/wp\/v2\/media?parent=20228"}],"wp:term":[{"taxonomy":"category","embeddable":true,"href":"https:\/\/fada.org.ar\/web\/wp-json\/wp\/v2\/categories?post=20228"},{"taxonomy":"post_tag","embeddable":true,"href":"https:\/\/fada.org.ar\/web\/wp-json\/wp\/v2\/tags?post=20228"}],"curies":[{"name":"wp","href":"https:\/\/api.w.org\/{rel}","templated":true}]}}