{"id":20300,"date":"2026-08-31T13:09:59","date_gmt":"2026-08-31T16:09:59","guid":{"rendered":"https:\/\/fada.org.ar\/web\/?p=20300"},"modified":"2026-08-31T13:14:44","modified_gmt":"2026-08-31T16:14:44","slug":"los-instructores-de-vuelo-tuvieron-su-propia-jornada-un-nuevo-espacio-federal-para-encontrarse-capacitarse-y-construir-juntos","status":"publish","type":"post","link":"https:\/\/fada.org.ar\/web\/los-instructores-de-vuelo-tuvieron-su-propia-jornada-un-nuevo-espacio-federal-para-encontrarse-capacitarse-y-construir-juntos\/","title":{"rendered":"Los Instructores de Vuelo tuvieron su propia Jornada: Un nuevo espacio federal para encontrarse, capacitarse y construir juntos"},"content":{"rendered":"\n<p><em>(tiempo de lectura: 4 minutos)<\/em><\/p>\n\n\n\n<p>Organizada conjuntamente por la Federaci\u00f3n Argentina de Aeroclubes (FADA), la Federaci\u00f3n de Aeroclubes de Santa Fe y la Federaci\u00f3n de Aeroclubes de Entre R\u00edos, la Primera Jornada de Instructores de Vuelo se realiz\u00f3 el s\u00e1bado 29 de agosto en el Aeroclub Ciudad de Paran\u00e1, marcando el inicio de un espacio espec\u00edfico de encuentro, an\u00e1lisis y construcci\u00f3n colectiva para quienes tienen la responsabilidad de formar a las futuras generaciones de pilotos.<\/p>\n\n\n\n<p>El s\u00e1bado 29 de agosto, el Aeroclub Ciudad de Paran\u00e1 fue escenario de un encuentro que marca un nuevo paso para la aviaci\u00f3n civil argentina: la realizaci\u00f3n de la <strong>Primera Jornada de Instructores de Vuelo<\/strong>.<\/p>\n\n\n\n<p>La actividad fue organizada de manera conjunta por la <strong>Federaci\u00f3n Argentina de Aeroclubes (FADA)<\/strong>, la <strong>Federaci\u00f3n de Aeroclubes de Santa Fe<\/strong> y la <strong>Federaci\u00f3n de Aeroclubes de Entre R\u00edos<\/strong>, con el objetivo de generar un espacio espec\u00edfico para el an\u00e1lisis, la capacitaci\u00f3n, el intercambio de experiencias y la construcci\u00f3n colectiva entre quienes cumplen una funci\u00f3n fundamental en la formaci\u00f3n de los futuros pilotos.<\/p>\n\n\n\n<p>La iniciativa permiti\u00f3 poner sobre la mesa una amplia agenda de temas que atraviesan actualmente a la instrucci\u00f3n de vuelo y a los aeroclubes del pa\u00eds. Durante la jornada se abordaron cuestiones vinculadas con la <strong>normativa aeron\u00e1utica, la implementaci\u00f3n de la RAAC Parte 141, la formaci\u00f3n de pilotos, el rol de los instructores y examinadores, la seguridad operacional, los factores humanos, la meteorolog\u00eda, la documentaci\u00f3n y los nuevos desaf\u00edos que plantea la incorporaci\u00f3n de aeronaves LSA a la instrucci\u00f3n<\/strong>.<br>Uno de los ejes centrales del encuentro estuvo relacionado con las dificultades que enfrentan los aeroclubes y centros de instrucci\u00f3n en el proceso de adecuaci\u00f3n a la normativa vigente. Los participantes analizaron las demoras, necesidades de clarificaci\u00f3n y dificultades operativas que se presentan en la implementaci\u00f3n de los nuevos requisitos, as\u00ed como la importancia de contar con criterios claros, procedimientos escritos y herramientas que permitan acompa\u00f1ar a las instituciones en este proceso.<\/p>\n\n\n\n<p>Tambi\u00e9n se trabaj\u00f3 sobre la figura del <em>Instructor Examinador y del Examinador Designado<\/em>, sus requisitos, responsabilidades y el impacto que estas nuevas figuras podr\u00edan tener en la actividad. El intercambio dej\u00f3 en evidencia la necesidad de profundizar la capacitaci\u00f3n y avanzar en una mayor claridad respecto de los procedimientos, alcances y responsabilidades que implica el ejercicio de estas funciones.<br>La capacitaci\u00f3n de los instructores ocup\u00f3, naturalmente, un lugar destacado. Entre las prioridades identificadas surgieron la necesidad de continuar profundizando conocimientos en <em>normativa y regulaci\u00f3n, seguridad operacional, meteorolog\u00eda, factores humanos, CRM, documentaci\u00f3n y gesti\u00f3n<\/em>. La jornada permiti\u00f3 reafirmar que la tarea del Instructor de Vuelo excede ampliamente la transmisi\u00f3n de conocimientos t\u00e9cnicos: implica acompa\u00f1ar, evaluar, formar criterios y contribuir permanentemente a la construcci\u00f3n de una cultura de seguridad.<\/p>\n\n\n\n<p>Otro de los temas que despert\u00f3 especial inter\u00e9s fue el an\u00e1lisis de la <em>nueva licencia para Piloto de Aeronave Deportiva Liviana y la utilizaci\u00f3n de aeronaves LSA en la formaci\u00f3n<\/em>. La discusi\u00f3n puso de manifiesto la necesidad de continuar profundizando el an\u00e1lisis normativo y t\u00e9cnico sobre su implementaci\u00f3n, los requisitos aplicables y sus posibles efectos sobre la formaci\u00f3n de los futuros pilotos.<\/p>\n\n\n\n<p>Pero, m\u00e1s all\u00e1 de cada uno de los temas abordados, la Primera Jornada dej\u00f3 un resultado que trasciende al propio encuentro: <em>la decisi\u00f3n de construir una comunidad de trabajo permanente entre los Instructores de Vuelo<\/em>. Entre los pr\u00f3ximos pasos acordados figura precisamente la consolidaci\u00f3n de un grupo de trabajo con los asistentes y la incorporaci\u00f3n progresiva de instructores y aeroclubes de todo el pa\u00eds.<\/p>\n\n\n\n<p>Este punto representa uno de los aspectos m\u00e1s valiosos de la iniciativa. Por primera vez, los Instructores de Vuelo contaron con una jornada especialmente pensada para ellos, para escuchar sus inquietudes, compartir experiencias y analizar, desde la realidad cotidiana de la instrucci\u00f3n, los problemas y desaf\u00edos que enfrenta la formaci\u00f3n aeron\u00e1utica en la Argentina.<\/p>\n\n\n\n<p>La intenci\u00f3n es que este primer encuentro no sea un hecho aislado, sino el punto de partida de un espacio de participaci\u00f3n y construcci\u00f3n federal, capaz de integrar la experiencia de instructores y aeroclubes de las distintas regiones del pa\u00eds, identificar problem\u00e1ticas comunes, generar propuestas, compartir herramientas y fortalecer la capacitaci\u00f3n permanente.<\/p>\n\n\n\n<p>La organizaci\u00f3n conjunta de FADA, la Federaci\u00f3n de Aeroclubes de Santa Fe y la Federaci\u00f3n de Aeroclubes de Entre R\u00edos representa, adem\u00e1s, un ejemplo concreto del trabajo articulado entre las instituciones que nuclean y acompa\u00f1an a los aeroclubes, sumando esfuerzos para abordar desaf\u00edos comunes y generar nuevas oportunidades para el desarrollo de la actividad.<\/p>\n\n\n\n<p>Desde las entidades organizadoras se entiende que fortalecer a los Instructores de Vuelo es fortalecer la formaci\u00f3n de nuestros pilotos y, en consecuencia, el futuro de la aviaci\u00f3n civil argentina.<\/p>\n\n\n\n<p>La Primera Jornada de Instructores de Vuelo ya es parte del camino iniciado. Ahora comienza el desaf\u00edo de darle continuidad, sumar nuevas voces y transformar el intercambio y las propuestas surgidas en acciones concretas.<\/p>\n\n\n\n<p>Porque detr\u00e1s de cada piloto que inicia su camino en la aviaci\u00f3n, hay un instructor que transmite mucho m\u00e1s que conocimientos.<\/p>\n\n\n\n<p><strong>Hay experiencia que gu\u00eda. Hay compromiso que forma. Hay, en definitiva, alas que ense\u00f1an.<\/strong><\/p>\n\n\n\n<p><em>Estuvieron presentes, IIVV de Villaguay, Victoria, Concepci\u00f3n del Uruguay, Col\u00f3n, Gualeguaych\u00fa, Chajar\u00ed, Ca\u00f1ada de Gomez, Cha\u00f1ar Ladeado, Goya, San Francisco, Santa Fe, G\u00e1lvez, Rafaela y los anfitriones, Aeroclub Paran\u00e1.<\/em><\/p>\n\n\n\n<figure class=\"wp-block-image size-large\"><img loading=\"lazy\" decoding=\"async\" width=\"1024\" height=\"473\" src=\"https:\/\/fada.org.ar\/web\/wp-content\/uploads\/2026\/08\/todos_1-1-1024x473.jpg\" alt=\"\" class=\"wp-image-20303\" srcset=\"https:\/\/fada.org.ar\/web\/wp-content\/uploads\/2026\/08\/todos_1-1-980x452.jpg 980w, https:\/\/fada.org.ar\/web\/wp-content\/uploads\/2026\/08\/todos_1-1-480x222.jpg 480w\" sizes=\"(min-width: 0px) and (max-width: 480px) 480px, (min-width: 481px) and (max-width: 980px) 980px, (min-width: 981px) 1024px, 100vw\" \/><\/figure>\n","protected":false},"excerpt":{"rendered":"<p>(tiempo de lectura: 4 minutos) Organizada conjuntamente por la Federaci\u00f3n Argentina de Aeroclubes (FADA), la Federaci\u00f3n de Aeroclubes de Santa Fe y la Federaci\u00f3n de Aeroclubes de Entre R\u00edos, la Primera Jornada de Instructores de Vuelo se realiz\u00f3 el s\u00e1bado 29 de agosto en el Aeroclub Ciudad de Paran\u00e1, marcando el inicio de un espacio [&hellip;]<\/p>\n","protected":false},"author":2,"featured_media":20302,"comment_status":"open","ping_status":"closed","sticky":false,"template":"","format":"standard","meta":{"_et_pb_use_builder":"off","_et_pb_old_content":"","_et_gb_content_width":"","footnotes":""},"categories":[8],"tags":[],"class_list":["post-20300","post","type-post","status-publish","format-standard","has-post-thumbnail","hentry","category-noticias"],"_links":{"self":[{"href":"https:\/\/fada.org.ar\/web\/wp-json\/wp\/v2\/posts\/20300","targetHints":{"allow":["GET"]}}],"collection":[{"href":"https:\/\/fada.org.ar\/web\/wp-json\/wp\/v2\/posts"}],"about":[{"href":"https:\/\/fada.org.ar\/web\/wp-json\/wp\/v2\/types\/post"}],"author":[{"embeddable":true,"href":"https:\/\/fada.org.ar\/web\/wp-json\/wp\/v2\/users\/2"}],"replies":[{"embeddable":true,"href":"https:\/\/fada.org.ar\/web\/wp-json\/wp\/v2\/comments?post=20300"}],"version-history":[{"count":4,"href":"https:\/\/fada.org.ar\/web\/wp-json\/wp\/v2\/posts\/20300\/revisions"}],"predecessor-version":[{"id":20308,"href":"https:\/\/fada.org.ar\/web\/wp-json\/wp\/v2\/posts\/20300\/revisions\/20308"}],"wp:featuredmedia":[{"embeddable":true,"href":"https:\/\/fada.org.ar\/web\/wp-json\/wp\/v2\/media\/20302"}],"wp:attachment":[{"href":"https:\/\/fada.org.ar\/web\/wp-json\/wp\/v2\/media?parent=20300"}],"wp:term":[{"taxonomy":"category","embeddable":true,"href":"https:\/\/fada.org.ar\/web\/wp-json\/wp\/v2\/categories?post=20300"},{"taxonomy":"post_tag","embeddable":true,"href":"https:\/\/fada.org.ar\/web\/wp-json\/wp\/v2\/tags?post=20300"}],"curies":[{"name":"wp","href":"https:\/\/api.w.org\/{rel}","templated":true}]}}