{"id":20311,"date":"2026-09-01T18:23:05","date_gmt":"2026-09-01T21:23:05","guid":{"rendered":"https:\/\/fada.org.ar\/web\/?p=20311"},"modified":"2026-09-01T20:19:21","modified_gmt":"2026-09-01T23:19:21","slug":"fada-y-anac-trabajan-juntos-para-ordenar-la-situacion-de-los-predios-de-los-aeroclubes-el-caso-del-aeroclub-oliva-cba","status":"publish","type":"post","link":"https:\/\/fada.org.ar\/web\/fada-y-anac-trabajan-juntos-para-ordenar-la-situacion-de-los-predios-de-los-aeroclubes-el-caso-del-aeroclub-oliva-cba\/","title":{"rendered":"FADA y ANAC trabajan juntos para ordenar la situaci\u00f3n de los predios de los aeroclubes: el caso del Aeroclub Oliva (CBA)"},"content":{"rendered":"\n<p><em>(Tiempo de lectura: 3 minutos) &#8211; Cr\u00e9ditos de la foto: Spotters C\u00f3rdoba<\/em><\/p>\n\n\n\n<p><strong>FADA acompa\u00f1\u00f3 al Aeroclub Oliva y logr\u00f3 destrabar, junto a ANAC, su actividad agr\u00edcola en el predio aeroportuario<\/strong><\/p>\n\n\n\n<p><em>El caso muestra que, trabajando bajo normas m\u00ednimas de respeto y colaboraci\u00f3n institucional, es posible ir normalizando la situaci\u00f3n de los predios que ocupan los aeroclubes argentinos en todo el pa\u00eds. La Federaci\u00f3n reafirma su compromiso de continuar acompa\u00f1ando a sus federados en gestiones de este tipo.<\/em><\/p>\n\n\n\n<p>El Aeroclub Oliva (C\u00f3rdoba), como sucede en numerosos aeroclubes federados a lo largo del pa\u00eds, desarrolla en su predio \u2014de propiedad del Estado Nacional\u2014 actividades agr\u00edcolas complementarias a la actividad aerodeportiva. Las autoridades del club recibieron hace unos meses, la visita de un funcionario de ANAC, que les indicaba el cese de dichas operaciones, sin que existiera hasta ese momento una notificaci\u00f3n formal por escrito que precisara los fundamentos y el alcance de la medida. Ante la incertidumbre generada por esta situaci\u00f3n, el Aeroclub Oliva se puso en contacto con la Federaci\u00f3n Argentina de Aeroclubes (FADA) para solicitar asesoramiento y acompa\u00f1amiento institucional.<\/p>\n\n\n\n<p>El Presidente de FADA, Daniel Santos, tom\u00f3 contacto de inmediato, primero con el Administrador Nacional, Oscar Villabona y luego con el Director de Fiscalizaci\u00f3n de Servicios Aeroportuarios de ANAC, Julio Ernesto \u00c1lvarez, quienes mostraron plena disposici\u00f3n para intervenir en la b\u00fasqueda de una soluci\u00f3n. Producto de esta gesti\u00f3n, el viernes 28 de agosto se llev\u00f3 a cabo una reuni\u00f3n de trabajo entre las partes, en la que se analiz\u00f3 la situaci\u00f3n planteada y se acordaron los pasos a seguir para encauzarla dentro del marco normativo vigente.<\/p>\n\n\n\n<p>A partir de ese encuentro, la autorizaci\u00f3n correspondiente avanz\u00f3 por la cadena de mando de ANAC \u2014desde la autoridad central hacia la Direcci\u00f3n Regional en C\u00f3rdoba (RANO) y de all\u00ed a la Jefatura de Aer\u00f3dromo local\u2014, permitiendo que el Aeroclub Oliva retomara la actividad agr\u00edcola en curso conforme a los canales institucionales previstos. Actualmente el club, junto a la Regi\u00f3n A\u00e9rea, contin\u00faa trabajando para ordenar y dejar encauzadas hacia el futuro las operaciones que se desarrollan en su predio.<\/p>\n\n\n\n<p><em>\u201cEste caso demuestra que, trabajando con respeto y en el marco de la colaboraci\u00f3n institucional, es posible destrabar situaciones que en un primer momento aparecen confusas o inciertas. Desde FADA reafirmamos nuestro compromiso de acompa\u00f1ar a cada aeroclub federado que atraviese circunstancias similares en los predios que ocupan del Estado Nacional desde hace 70 a\u00f1os aproximadamente, y de seguir construyendo junto a ANAC canales de di\u00e1logo claros y previsibles.\u201d<\/em> <strong>Daniel Santos, Presidente de FADA<\/strong><\/p>\n\n\n\n<p>Desde la Federaci\u00f3n se destaca que este tipo de intervenciones forma parte de su tarea permanente de representaci\u00f3n y defensa de los intereses de los aeroclubes argentinos. En ese sentido, FADA reitera su compromiso de poner a disposici\u00f3n de todos sus federados el mismo canal de di\u00e1logo institucional utilizado en este caso, para ir normalizando, caso por caso, la situaci\u00f3n de los predios ocupados por aeroclubes en distintos puntos del pa\u00eds.<\/p>\n\n\n\n<p>La Federaci\u00f3n agradece la buena predisposici\u00f3n del Director de Fiscalizaci\u00f3n de Servicios Aeroportuarios de ANAC para atender esta situaci\u00f3n, y subraya que el di\u00e1logo entre las partes, dentro del respeto a las normas y competencias de cada organismo, es el camino para resolver este tipo de circunstancias en beneficio de la actividad aerodeportiva argentina.<\/p>\n\n\n\n<p>Aeroclubes que atraviesen situaciones similares en los predios que ocupan pueden comunicarse con FADA a trav\u00e9s de sus canales institucionales habituales para recibir asesoramiento y acompa\u00f1amiento.<\/p>\n","protected":false},"excerpt":{"rendered":"<p>(Tiempo de lectura: 3 minutos) &#8211; Cr\u00e9ditos de la foto: Spotters C\u00f3rdoba FADA acompa\u00f1\u00f3 al Aeroclub Oliva y logr\u00f3 destrabar, junto a ANAC, su actividad agr\u00edcola en el predio aeroportuario El caso muestra que, trabajando bajo normas m\u00ednimas de respeto y colaboraci\u00f3n institucional, es posible ir normalizando la situaci\u00f3n de los predios que ocupan los [&hellip;]<\/p>\n","protected":false},"author":2,"featured_media":20312,"comment_status":"open","ping_status":"closed","sticky":false,"template":"","format":"standard","meta":{"_et_pb_use_builder":"off","_et_pb_old_content":"","_et_gb_content_width":"","footnotes":""},"categories":[8],"tags":[],"class_list":["post-20311","post","type-post","status-publish","format-standard","has-post-thumbnail","hentry","category-noticias"],"_links":{"self":[{"href":"https:\/\/fada.org.ar\/web\/wp-json\/wp\/v2\/posts\/20311","targetHints":{"allow":["GET"]}}],"collection":[{"href":"https:\/\/fada.org.ar\/web\/wp-json\/wp\/v2\/posts"}],"about":[{"href":"https:\/\/fada.org.ar\/web\/wp-json\/wp\/v2\/types\/post"}],"author":[{"embeddable":true,"href":"https:\/\/fada.org.ar\/web\/wp-json\/wp\/v2\/users\/2"}],"replies":[{"embeddable":true,"href":"https:\/\/fada.org.ar\/web\/wp-json\/wp\/v2\/comments?post=20311"}],"version-history":[{"count":9,"href":"https:\/\/fada.org.ar\/web\/wp-json\/wp\/v2\/posts\/20311\/revisions"}],"predecessor-version":[{"id":20322,"href":"https:\/\/fada.org.ar\/web\/wp-json\/wp\/v2\/posts\/20311\/revisions\/20322"}],"wp:featuredmedia":[{"embeddable":true,"href":"https:\/\/fada.org.ar\/web\/wp-json\/wp\/v2\/media\/20312"}],"wp:attachment":[{"href":"https:\/\/fada.org.ar\/web\/wp-json\/wp\/v2\/media?parent=20311"}],"wp:term":[{"taxonomy":"category","embeddable":true,"href":"https:\/\/fada.org.ar\/web\/wp-json\/wp\/v2\/categories?post=20311"},{"taxonomy":"post_tag","embeddable":true,"href":"https:\/\/fada.org.ar\/web\/wp-json\/wp\/v2\/tags?post=20311"}],"curies":[{"name":"wp","href":"https:\/\/api.w.org\/{rel}","templated":true}]}}