{"id":3278,"date":"2017-11-21T10:03:20","date_gmt":"2017-11-21T13:03:20","guid":{"rendered":"http:\/\/fada.org.ar\/web\/?p=3278"},"modified":"2017-11-26T20:18:34","modified_gmt":"2017-11-26T23:18:34","slug":"mauricio-dirrheimer-del-aeroclub-ciudad-de-parana-con-un-aeroprakt-a22-se-consagro-campeon-nacional-adp-2017","status":"publish","type":"post","link":"https:\/\/fada.org.ar\/web\/mauricio-dirrheimer-del-aeroclub-ciudad-de-parana-con-un-aeroprakt-a22-se-consagro-campeon-nacional-adp-2017\/","title":{"rendered":"Mauricio Dirrheimer del Aeroclub Ciudad de Paran\u00e1, con un Aeroprakt A22, se consagr\u00f3 Campe\u00f3n Nacional ADP\/2017."},"content":{"rendered":"<p><a href=\"http:\/\/fada.org.ar\/web\/wp-content\/uploads\/2017\/11\/IMG-20171119-WA0025.jpg\"><img loading=\"lazy\" decoding=\"async\" class=\"wp-image-3279 alignleft\" src=\"http:\/\/fada.org.ar\/web\/wp-content\/uploads\/2017\/11\/IMG-20171119-WA0025-768x1024.jpg\" alt=\"\" width=\"416\" height=\"555\" srcset=\"https:\/\/fada.org.ar\/web\/wp-content\/uploads\/2017\/11\/IMG-20171119-WA0025-768x1024.jpg 768w, https:\/\/fada.org.ar\/web\/wp-content\/uploads\/2017\/11\/IMG-20171119-WA0025-188x250.jpg 188w, https:\/\/fada.org.ar\/web\/wp-content\/uploads\/2017\/11\/IMG-20171119-WA0025.jpg 960w\" sizes=\"(max-width: 416px) 100vw, 416px\" \/><\/a><\/p>\n<p>Con un Aeroclub Bell Ville impecablemente presentado tras el trabajo incansable de toda la Comisi\u00f3n Directiva, encabezada por su Presidente, Ferm\u00edn Iman, finalizaron las competencias ADP\/2017, con la fecha de la FINAL NACIONAL BEL\/2017, cerrando as\u00ed, un a\u00f1o con 22 competencias regionales que se distribuyeron en las zonas NOA, NEA, LITORAL, BONAERENSE, PATAGONIA y CORDOBA\/CUYO. M\u00e1s all\u00e1 de lo aerodeportivo y los resultados, nuestros Aeroclubes dieron muestra de organizaci\u00f3n en la recuperaci\u00f3n de una disciplina olvidada por 26 a\u00f1os, y ahora se proyectan hacia un futuro con un gran potencial.<\/p>\n<p>Las actividades se iniciaron el d\u00eda S\u00e1bado, con la final de los \u00abX\u00bb y este punto queremos hacer una menci\u00f3n y agradecimiento a todos los propietarios de los X, que participaron en las distintas regiones y en esta final. FADA, ha asumido el compromiso de convocarlos para el pr\u00f3ximo a\u00f1o para integrarlos a estas disciplinas. Los cinco pilotos que participaron han marcado el camino para aquellos que el pr\u00f3ximo a\u00f1o quieran sumarse a estas competencias. Son ellos:<\/p>\n<p>&#8211; Horacio Chianea, LV-X615 &#8211; Primer puesto Categor\u00eda X<br \/>\n&#8211; Edmundo D\u00edaz de Lezana &#8211; LV-X528 &#8211; Segundo puesto Categor\u00eda X<br \/>\n&#8211; Fernando Endrigo &#8211; LV-X581 &#8211; Tercer puesto Categor\u00eda X<br \/>\n&#8211; Sergio Endrigo &#8211; LV-X581<br \/>\n&#8211; Daniel Miraglia &#8211; LV-X466<\/p>\n<p>Hemos vivido un fin de semana que adem\u00e1s de quedar en la historia, marca un rumbo hacia el futuro. Ya estamos trabajando para conformar el grupo AIR NAVIGATION RACE (ARN), bajo reglamentaci\u00f3n FAI, porque estamos convencidos de la capacidad de nuestros pilotos para afrontar una disciplina de orden internacional.<\/p>\n<p>No podemos cerrar este a\u00f1o y esta nota, sin agradecer a las Empresas que confiaron en nuestra Federaci\u00f3n para llevar adelante este sue\u00f1o. Un GRACIAS enorme, para:<\/p>\n<p><strong>&#8211; AeroGalvez &#8211; Shell Aviation, Ariel Perez<\/strong><br \/>\n<strong>&#8211; Taller Aeron\u00e1utico Santo Tom\u00e9, de Ricardo Widder e hijos<\/strong><br \/>\n<strong>&#8211; Aeroatelier &#8211; Polo Aerodeportivo, Andr\u00e9 Hediger <\/strong><br \/>\n<strong>&#8211; Pipistrel Aircraft<\/strong><\/p>\n<p><strong>AEROCLUBES ANFITRIONES QUE A LO LARGO DEL 2017, FUERON SEDES DE LAS REGIONALES:<\/strong><\/p>\n<p>&#8211; Aeroclub Gral. Alvear, Mendoza<br \/>\n&#8211; Aeroclub Las Rosas, Santa F\u00e9<br \/>\n&#8211; Aeroclub San Antonio Oeste, R\u00edo Negro<br \/>\n&#8211; Aeroclub Bolivar, Buenos Aires<br \/>\n&#8211; Aeroclub Reconquista, Santa F\u00e9<br \/>\n&#8211; Aeroclub La Cumbre, C\u00f3rdoba<br \/>\n&#8211; Aeroclub Bell Ville, C\u00f3rdoba<br \/>\n&#8211; C\u00edrculo Aviaci\u00f3n Rosario, Santa F\u00e9<br \/>\n&#8211; Aeroclub Ca\u00f1ada Quiroz, Corrientes<br \/>\n&#8211; Aeroclub Gobernador Galvez, Santa F\u00e9<br \/>\n&#8211; Aeroclub Corral de Bustos, C\u00f3rdoba<br \/>\n&#8211; Aeroclub Ciudad de Paran\u00e1, Entre R\u00edos<br \/>\n&#8211; Aeroclub Benito Juarez, Buenos Aires<br \/>\n&#8211; Aeroclub San Ram\u00f3n de la Nueva Or\u00e1n, Salta<br \/>\n&#8211; Aeroclub Pehuaj\u00f3, Buenos Aires<br \/>\n&#8211; Aeroclub R\u00edo Tercero, C\u00f3rdoba<br \/>\n&#8211; Aeroclub Villa Angela, Chaco<br \/>\n&#8211; Aeroclub G\u00e1lvez, Santa F\u00e9<br \/>\n&#8211; Aeroclub Comodoro Rivadavia, Chubut<br \/>\n&#8211; Aeroclub Allen, R\u00edo Negro<br \/>\n&#8211; Aeroclub Ober\u00e1, Misiones<\/p>\n<p>Nuestro reconocimiento al \u00abalma del equipo ADP\u00bb, nuestro Coordinador Nacional de Competencias y miembro del Comit\u00e9 Ejecutivo de FADA, el IVA, Adrian \u00abColo\u00bb Semino, del Aeroclub Tostado, provincia de Santa F\u00e9<\/p>\n<p><strong>CLASIFICACI\u00d3N FINAL<\/strong><\/p>\n<p><strong>1) Mauricio Dirrheimer, Aeroprakt A22, Aeroclub Ciudad de Paran\u00e1, 74 puntos\u00a0<\/strong><br \/>\n<strong>2) Federico Marelli, Pipistrel Virus, Aeroclub Tostado, 98 puntos\u00a0<\/strong><br \/>\n<strong>3) Sergio Endrigo, C150, C\u00edrculo Aviaci\u00f3n Rosario, 286 puntos<\/strong><br \/>\n4) Guido Kindwerley, C150, Aeroclub Villa Angela, 298 puntos<br \/>\n5) Juan Panzera, C150, C\u00edrculo Aviaci\u00f3n Rosario, 396 puntos (Piloto Oficial FADA AIR TEAM)<br \/>\n6) David Gunzinger, C150, Aeroclub G\u00e1lvez, 468 puntos<br \/>\n7) Daniel Miraglia, C150, Circulo Aviaci\u00f3n Rosario, 472 puntos<br \/>\n8) Matias Maggi, C150, Aeroclub Pehuaj\u00f3, 592 puntos<br \/>\n9) Facundo Collazo, C150, Aeroclub Bolivar, 604 puntos<br \/>\n10) Pablo Kunusch, PA28, Aeroclub Las Heras, 704 puntos<br \/>\n11) Nelson Ratero, C150, Aeroclub Pehuaj\u00f3, 736 puntos<br \/>\n12) Gian Kisiel, C150, Aeroclub Villa Angela, 828 puntos<br \/>\n13) Nicol\u00e1s Stuppa, T\u00e9cnam P92, Aeroclub Bell Ville, 854 puntos<br \/>\n14) Cristian Perullini, PA28, Aeroclub Las Heras, 876 puntos<br \/>\n15) Javier Leguizamon, Aeroprakt A22, Aeroclub Ciudad de Paran\u00e1, 984 puntos<br \/>\n16) Ra\u00fal Raigada, Tecnam P92, Aeroclub Allen, 1036 puntos<br \/>\n17) Alfredo Guirado, C150, Aeroclub Villa Angela, 1050 puntos<\/p>\n<p><strong>GRACIAS..! MUCHAS GRACIAS POR SUMARSE, POR PARTICIPAR, POR COMPARTIR, PERO FUNDAMENTALMENTE POR SER PARTE DE LA RECUPERACI\u00d3N HIST\u00d3RICA DE UNA ACTIVIDAD PROPIA E INHERENTE A LOS AEROCLUBES. HASTA EL A\u00d1O PR\u00d3XIMO..!!<\/strong><\/p>\n<p>Para acceder al \u00e1lbum digital de fotos, click <strong><span style=\"color: #0000ff;\"><a style=\"color: #0000ff;\" href=\"https:\/\/flic.kr\/s\/aHsma1mRDn\">AQUI.<\/a><\/span><\/strong><\/p>\n","protected":false},"excerpt":{"rendered":"<p>Con un Aeroclub Bell Ville impecablemente presentado tras el trabajo incansable de toda la Comisi\u00f3n Directiva, encabezada por su Presidente, Ferm\u00edn Iman, finalizaron las competencias ADP\/2017, con la fecha de la FINAL NACIONAL BEL\/2017, cerrando as\u00ed, un a\u00f1o con 22 competencias regionales que se distribuyeron en las zonas NOA, NEA, LITORAL, BONAERENSE, PATAGONIA y CORDOBA\/CUYO. [&hellip;]<\/p>\n","protected":false},"author":2,"featured_media":3280,"comment_status":"open","ping_status":"closed","sticky":false,"template":"","format":"standard","meta":{"_et_pb_use_builder":"","_et_pb_old_content":"","_et_gb_content_width":"","footnotes":""},"categories":[8],"tags":[],"class_list":["post-3278","post","type-post","status-publish","format-standard","has-post-thumbnail","hentry","category-noticias"],"_links":{"self":[{"href":"https:\/\/fada.org.ar\/web\/wp-json\/wp\/v2\/posts\/3278","targetHints":{"allow":["GET"]}}],"collection":[{"href":"https:\/\/fada.org.ar\/web\/wp-json\/wp\/v2\/posts"}],"about":[{"href":"https:\/\/fada.org.ar\/web\/wp-json\/wp\/v2\/types\/post"}],"author":[{"embeddable":true,"href":"https:\/\/fada.org.ar\/web\/wp-json\/wp\/v2\/users\/2"}],"replies":[{"embeddable":true,"href":"https:\/\/fada.org.ar\/web\/wp-json\/wp\/v2\/comments?post=3278"}],"version-history":[{"count":11,"href":"https:\/\/fada.org.ar\/web\/wp-json\/wp\/v2\/posts\/3278\/revisions"}],"predecessor-version":[{"id":3295,"href":"https:\/\/fada.org.ar\/web\/wp-json\/wp\/v2\/posts\/3278\/revisions\/3295"}],"wp:featuredmedia":[{"embeddable":true,"href":"https:\/\/fada.org.ar\/web\/wp-json\/wp\/v2\/media\/3280"}],"wp:attachment":[{"href":"https:\/\/fada.org.ar\/web\/wp-json\/wp\/v2\/media?parent=3278"}],"wp:term":[{"taxonomy":"category","embeddable":true,"href":"https:\/\/fada.org.ar\/web\/wp-json\/wp\/v2\/categories?post=3278"},{"taxonomy":"post_tag","embeddable":true,"href":"https:\/\/fada.org.ar\/web\/wp-json\/wp\/v2\/tags?post=3278"}],"curies":[{"name":"wp","href":"https:\/\/api.w.org\/{rel}","templated":true}]}}