{"id":5704,"date":"2019-11-23T13:45:10","date_gmt":"2019-11-23T16:45:10","guid":{"rendered":"http:\/\/fada.org.ar\/web\/?p=5704"},"modified":"2019-11-23T14:03:27","modified_gmt":"2019-11-23T17:03:27","slug":"5704-2","status":"publish","type":"post","link":"https:\/\/fada.org.ar\/web\/5704-2\/","title":{"rendered":"Un gran avance en favor de la Instrucci\u00f3n Aeron\u00e1utica."},"content":{"rendered":"<p>Luego de mucho esfuerzo y reiterados requerimientos efectuados ante la ANAC por parte de CADEA, FADA, FAVAV, nucleadas en el Consejo Asesor de la Aviaci\u00f3n Civil, se ha logrado que el reconocimiento de la instrucci\u00f3n aeron\u00e1utica como una de las modalides de Trabajo A\u00e9reo contemplada en nuestra normativa y tribunales desde anta\u00f1o, logre su aplicacion a la instrucci\u00f3n de vuelo en planeador, con las consecuencias impositivas beneficiosas que ello conlleva, c\u00f3mo por ejemplo la exenci\u00f3n del pago del impuesto interno.<\/p>\n<p>Este reconocimiento, ardua y reiteradamente requerido a la Administraci\u00f3n Nacional de Aviaci\u00f3n Civil y sostenido a lo largo del tiempo por las instituciones arriba mencionadas, logr\u00f3 su cometido \u00faltimamente a trav\u00e9s de la tenaz gesti\u00f3n y aclaraciones que la ANAC mediante sus autoridades y de su Registro de Aeronaves evacuara ante los requerimientos aclaratorios formulados por la AFIP. Por lo tanto, desde ahora, y como deber\u00eda haber sido desde el comienzo de los tiempos, los planeadores adquiridos con fines de instrucci\u00f3n a trav\u00e9s de un CIAC no tributar\u00e1n Impuestos internos.<\/p>\n<p>Esto significa una reducci\u00f3n importante en el costo de importaci\u00f3n de aproximadamente un 33% y si el importador es un Aeroclub \u00f3 Club de Planeadores, tampoco abonar\u00e1 el 21% de IVA en atenci\u00f3n a encontrarse exento por ley, logr\u00e1ndose una reducci\u00f3n importantisima de aranceles tendiente a fomentar la actividad de vuelo y la renovaci\u00f3n de nuestro parque aeron\u00e1utico. Estos mismos beneficios ya se hab\u00edan logrado en los \u00faltimos meses gracias al reconocimiento de la instrucci\u00f3n aeron\u00e1utica como Trabajo A\u00e9reo, para la importaci\u00f3n de aviones con este fin.<\/p>\n","protected":false},"excerpt":{"rendered":"<p>Luego de mucho esfuerzo y reiterados requerimientos efectuados ante la ANAC por parte de CADEA, FADA, FAVAV, nucleadas en el Consejo Asesor de la Aviaci\u00f3n Civil, se ha logrado que el reconocimiento de la instrucci\u00f3n aeron\u00e1utica como una de las modalides de Trabajo A\u00e9reo contemplada en nuestra normativa y tribunales desde anta\u00f1o, logre su aplicacion [&hellip;]<\/p>\n","protected":false},"author":2,"featured_media":5712,"comment_status":"open","ping_status":"closed","sticky":false,"template":"","format":"standard","meta":{"_et_pb_use_builder":"","_et_pb_old_content":"","_et_gb_content_width":"","footnotes":""},"categories":[8],"tags":[],"class_list":["post-5704","post","type-post","status-publish","format-standard","has-post-thumbnail","hentry","category-noticias"],"_links":{"self":[{"href":"https:\/\/fada.org.ar\/web\/wp-json\/wp\/v2\/posts\/5704","targetHints":{"allow":["GET"]}}],"collection":[{"href":"https:\/\/fada.org.ar\/web\/wp-json\/wp\/v2\/posts"}],"about":[{"href":"https:\/\/fada.org.ar\/web\/wp-json\/wp\/v2\/types\/post"}],"author":[{"embeddable":true,"href":"https:\/\/fada.org.ar\/web\/wp-json\/wp\/v2\/users\/2"}],"replies":[{"embeddable":true,"href":"https:\/\/fada.org.ar\/web\/wp-json\/wp\/v2\/comments?post=5704"}],"version-history":[{"count":5,"href":"https:\/\/fada.org.ar\/web\/wp-json\/wp\/v2\/posts\/5704\/revisions"}],"predecessor-version":[{"id":5713,"href":"https:\/\/fada.org.ar\/web\/wp-json\/wp\/v2\/posts\/5704\/revisions\/5713"}],"wp:featuredmedia":[{"embeddable":true,"href":"https:\/\/fada.org.ar\/web\/wp-json\/wp\/v2\/media\/5712"}],"wp:attachment":[{"href":"https:\/\/fada.org.ar\/web\/wp-json\/wp\/v2\/media?parent=5704"}],"wp:term":[{"taxonomy":"category","embeddable":true,"href":"https:\/\/fada.org.ar\/web\/wp-json\/wp\/v2\/categories?post=5704"},{"taxonomy":"post_tag","embeddable":true,"href":"https:\/\/fada.org.ar\/web\/wp-json\/wp\/v2\/tags?post=5704"}],"curies":[{"name":"wp","href":"https:\/\/api.w.org\/{rel}","templated":true}]}}