{"id":6096,"date":"2020-04-07T11:23:19","date_gmt":"2020-04-07T14:23:19","guid":{"rendered":"http:\/\/fada.org.ar\/web\/?p=6096"},"modified":"2020-04-07T11:23:36","modified_gmt":"2020-04-07T14:23:36","slug":"7-de-abril-dia-internacional-del-piloto-aviador","status":"publish","type":"post","link":"https:\/\/fada.org.ar\/web\/7-de-abril-dia-internacional-del-piloto-aviador\/","title":{"rendered":"7 de Abril. D\u00eda Internacional del Piloto Aviador."},"content":{"rendered":"<p>Se celebra este d\u00eda, pues se conmemora el aniversario de la primera asamblea efectuada por la Federaci\u00f3n Internacional de Asociaciones de Pilotos de Lineas A\u00e9reas (IFALPA por su acr\u00f3nimo en ingl\u00e9s de International Federation of Airlines Pilots Associations).<\/p>\n<p>El 7 de Abril de 1948, IFALPA fue fundada con la realizaci\u00f3n de su primera asamblea en la ciudad de Londres (Inglaterra), con la finalidad de tener un organismo formal y oficial que permitiera a los pilotos civiles interactuar con la reci\u00e9n creada Organizaci\u00f3n de la Aviaci\u00f3n Civil Internacional (OACI \/ ICAO), por parte de la Organizaci\u00f3n de las Naciones Unidas (ONU).<\/p>\n<p>Actualmente IFALPA tiene su sede principal en la ciudad de Montreal en Canad\u00e1. Para obtener las \u201cAlas de Piloto\u201d, se necesita de una rigurosa preparaci\u00f3n acad\u00e9mica (te\u00f3rica y pr\u00e1ctica), que dura en promedio de 18 a 36 meses y en las cuales los aspirantes a ser pilotos reciben una formaci\u00f3n diversificada en los siguientes aspectos te\u00f3ricos: Derecho legal a\u00e9reo.<\/p>\n<p>Conocimiento general de aviones (motores, avi\u00f3nica, sistemas y estructuras). Performance y planificaci\u00f3n de vuelo. Carga y centrado del avi\u00f3n. Recursos humanos que inciden en el vuelo. Meteorolog\u00eda aeron\u00e1utica. Navegaci\u00f3n a\u00e9rea. Radionavegacion. Procedimientos operacionales. Principios de vuelo. Comunicaciones y lenguaje a\u00e9reo. Ingl\u00e9s general y aeron\u00e1utico.<\/p>\n<p>Una vez aprobados los ex\u00e1menes te\u00f3ricos, se inicia la formaci\u00f3n pr\u00e1ctica que incluyen: 120 horas de vuelo en avi\u00f3n monomotor basico (Ejm: Cessna 172). 50 horas de vuelo en avi\u00f3n monomotor avanzado (Ejm: Piper Arrow). 30 horas de vuelo en avi\u00f3n multimotor avanzado (Ejm: Piper Seneca II). Finalmente, se incluyen aproximadamente 100 horas de vuelo en simuladores certificados de aviones a reacci\u00f3n (Boeing, Airbus, etc).<\/p>\n","protected":false},"excerpt":{"rendered":"<p>Se celebra este d\u00eda, pues se conmemora el aniversario de la primera asamblea efectuada por la Federaci\u00f3n Internacional de Asociaciones de Pilotos de Lineas A\u00e9reas (IFALPA por su acr\u00f3nimo en ingl\u00e9s de International Federation of Airlines Pilots Associations). El 7 de Abril de 1948, IFALPA fue fundada con la realizaci\u00f3n de su primera asamblea en [&hellip;]<\/p>\n","protected":false},"author":2,"featured_media":6097,"comment_status":"open","ping_status":"closed","sticky":false,"template":"","format":"standard","meta":{"_et_pb_use_builder":"","_et_pb_old_content":"","_et_gb_content_width":"","footnotes":""},"categories":[8],"tags":[],"class_list":["post-6096","post","type-post","status-publish","format-standard","has-post-thumbnail","hentry","category-noticias"],"_links":{"self":[{"href":"https:\/\/fada.org.ar\/web\/wp-json\/wp\/v2\/posts\/6096","targetHints":{"allow":["GET"]}}],"collection":[{"href":"https:\/\/fada.org.ar\/web\/wp-json\/wp\/v2\/posts"}],"about":[{"href":"https:\/\/fada.org.ar\/web\/wp-json\/wp\/v2\/types\/post"}],"author":[{"embeddable":true,"href":"https:\/\/fada.org.ar\/web\/wp-json\/wp\/v2\/users\/2"}],"replies":[{"embeddable":true,"href":"https:\/\/fada.org.ar\/web\/wp-json\/wp\/v2\/comments?post=6096"}],"version-history":[{"count":2,"href":"https:\/\/fada.org.ar\/web\/wp-json\/wp\/v2\/posts\/6096\/revisions"}],"predecessor-version":[{"id":6099,"href":"https:\/\/fada.org.ar\/web\/wp-json\/wp\/v2\/posts\/6096\/revisions\/6099"}],"wp:featuredmedia":[{"embeddable":true,"href":"https:\/\/fada.org.ar\/web\/wp-json\/wp\/v2\/media\/6097"}],"wp:attachment":[{"href":"https:\/\/fada.org.ar\/web\/wp-json\/wp\/v2\/media?parent=6096"}],"wp:term":[{"taxonomy":"category","embeddable":true,"href":"https:\/\/fada.org.ar\/web\/wp-json\/wp\/v2\/categories?post=6096"},{"taxonomy":"post_tag","embeddable":true,"href":"https:\/\/fada.org.ar\/web\/wp-json\/wp\/v2\/tags?post=6096"}],"curies":[{"name":"wp","href":"https:\/\/api.w.org\/{rel}","templated":true}]}}