{"id":9125,"date":"2022-04-11T19:39:46","date_gmt":"2022-04-11T22:39:46","guid":{"rendered":"https:\/\/fada.org.ar\/web\/?p=9125"},"modified":"2022-04-11T19:41:23","modified_gmt":"2022-04-11T22:41:23","slug":"fada-en-reunion-con-autoridades-del-cipe","status":"publish","type":"post","link":"https:\/\/fada.org.ar\/web\/fada-en-reunion-con-autoridades-del-cipe\/","title":{"rendered":"FADA, en reuni\u00f3n con Autoridades del CIPE."},"content":{"rendered":"<p>El pasado 8 de abril, integrantes de FADA, se reunieron con el Director del CIPE, Pablo Sebasti\u00e1n Di Gregorio, Silvina Ippoliti de Relaciones Institucionales, y Natalia Atencio, responsable de Marketing en el Centro de Instrucci\u00f3n y Perfeccionamiento, para conversar sobre la importancia y la necesidad existente para el dictado de cursos y talleres destinado a los aeroclubes, ante la dificultad que muchas veces presenta la distancia, considerando para el caso, al e-Learning como una de las modalidades (sino la m\u00e1s importante) que podr\u00edan ser de suma utilidad.<\/p>\n<p>Si bien el eje de la charla fue el curso de Jefe de Aer\u00f3dromo Sin Servicio de Tr\u00e1nsito A\u00e9reo, para el cual FADA ha convocado a m\u00e1s de 70 interesados (y en aumento), con fecha estimada de inicio a fines del mes de Mayo, la oportunidad fue propicia para conversar sobre la posibilidad de capacitaci\u00f3n bajo la misma modalidad \u00aba distancia\u00bb, de otros cursos, como CRM-FFHH, Legislaci\u00f3n Aeron\u00e1utica, SAR, GSO, entre otros.<\/p>\n<p>Desde FADA, trabajamos para que los Aeroclubes tengan la posibilidad de acceder a m\u00e1s y mejores contenidos a trav\u00e9s del CIPE, siempre fomentando la educaci\u00f3n y el perfeccionamiento como bases para consolidar la Seguridad Operacional de nuestra actividad.<\/p>\n<p>A partir de esta reuni\u00f3n -la primera de nuestra Federaci\u00f3n con el Centro de Instrucci\u00f3n- seguiremos avanzando en este rumbo, aprovechando la excelente predisposici\u00f3n del personal del CIPE, a quienes agradecemos habernos recibido y facilitado su tiempo.<\/p>\n<p>Por FADA asistieron, Diego Martinez, Secretario y Luciana Garay, Administraci\u00f3n y Producci\u00f3n de FADA Express.<\/p>\n","protected":false},"excerpt":{"rendered":"<p>El pasado 8 de abril, integrantes de FADA, se reunieron con el Director del CIPE, Pablo Sebasti\u00e1n Di Gregorio, Silvina Ippoliti de Relaciones Institucionales, y Natalia Atencio, responsable de Marketing en el Centro de Instrucci\u00f3n y Perfeccionamiento, para conversar sobre la importancia y la necesidad existente para el dictado de cursos y talleres destinado a [&hellip;]<\/p>\n","protected":false},"author":2,"featured_media":9127,"comment_status":"open","ping_status":"closed","sticky":false,"template":"","format":"standard","meta":{"_et_pb_use_builder":"","_et_pb_old_content":"","_et_gb_content_width":"","footnotes":""},"categories":[8],"tags":[],"class_list":["post-9125","post","type-post","status-publish","format-standard","has-post-thumbnail","hentry","category-noticias"],"_links":{"self":[{"href":"https:\/\/fada.org.ar\/web\/wp-json\/wp\/v2\/posts\/9125","targetHints":{"allow":["GET"]}}],"collection":[{"href":"https:\/\/fada.org.ar\/web\/wp-json\/wp\/v2\/posts"}],"about":[{"href":"https:\/\/fada.org.ar\/web\/wp-json\/wp\/v2\/types\/post"}],"author":[{"embeddable":true,"href":"https:\/\/fada.org.ar\/web\/wp-json\/wp\/v2\/users\/2"}],"replies":[{"embeddable":true,"href":"https:\/\/fada.org.ar\/web\/wp-json\/wp\/v2\/comments?post=9125"}],"version-history":[{"count":3,"href":"https:\/\/fada.org.ar\/web\/wp-json\/wp\/v2\/posts\/9125\/revisions"}],"predecessor-version":[{"id":9129,"href":"https:\/\/fada.org.ar\/web\/wp-json\/wp\/v2\/posts\/9125\/revisions\/9129"}],"wp:featuredmedia":[{"embeddable":true,"href":"https:\/\/fada.org.ar\/web\/wp-json\/wp\/v2\/media\/9127"}],"wp:attachment":[{"href":"https:\/\/fada.org.ar\/web\/wp-json\/wp\/v2\/media?parent=9125"}],"wp:term":[{"taxonomy":"category","embeddable":true,"href":"https:\/\/fada.org.ar\/web\/wp-json\/wp\/v2\/categories?post=9125"},{"taxonomy":"post_tag","embeddable":true,"href":"https:\/\/fada.org.ar\/web\/wp-json\/wp\/v2\/tags?post=9125"}],"curies":[{"name":"wp","href":"https:\/\/api.w.org\/{rel}","templated":true}]}}