{"id":9830,"date":"2022-06-06T14:53:02","date_gmt":"2022-06-06T17:53:02","guid":{"rendered":"https:\/\/fada.org.ar\/web\/?p=9830"},"modified":"2022-06-06T14:53:02","modified_gmt":"2022-06-06T17:53:02","slug":"aeroclub-chaco-resistencia-tercera-fecha-de-los-adp-anr-fada-2022","status":"publish","type":"post","link":"https:\/\/fada.org.ar\/web\/aeroclub-chaco-resistencia-tercera-fecha-de-los-adp-anr-fada-2022\/","title":{"rendered":"Aeroclub Chaco. Resistencia. Tercera fecha de los ADP\/ANR FADA 2022."},"content":{"rendered":"<p>En la localidad de Resistencia\u200b, capital y ciudad m\u00e1s poblada de la provincia del Chaco, adem\u00e1s de su principal centro social y econ\u00f3mico, sede del Aeroclub Chaco, se llev\u00f3 a cabo una nueva fecha de las competencias de Aterrizajes y Navegaci\u00f3n A\u00e9rea.<br \/>\nCon una participaci\u00f3n de 19 pilotos en \u00abADP\u00bb y 5 binomios en \u00abANR\u00bb, se complet\u00f3 una nueva fecha, organizada por el Aeroclub anfitri\u00f3n y fiscalizada por nuestra Federaci\u00f3n, en la persona de nuestro Coordinador Nacional de Competencias, Adrian \u00abColo\u00bb Semino.<br \/>\nAsi las cosas, y con muy buenas condiciones meteorol\u00f3gicas se logr\u00f3 darle al fin de semana, un excelente marco para que los competidores pongan a pruebas sus capacidades de vuelo y navegaci\u00f3n en donde -dicho sea de paso- se terminaron de poner a punto los registradores de vuelo que permitieron un seguimiento y acceso a la puntuaci\u00f3n final de la navegaci\u00f3n.<br \/>\nDesde FADA, queremos agradecer a los participantes de ambas disciplinas, a los Anfitriones que nuevamente presentaron unas excelentes instalaciones y atenci\u00f3n y a nuestro Fiscal por el trabajo de coordinaci\u00f3n en los briefing y debriefing de los aterrizajes y navegaci\u00f3n. A todos muchas gracias..!<\/p>\n\n\t\t<style type=\"text\/css\">\n\t\t\t#gallery-1 {\n\t\t\t\tmargin: auto;\n\t\t\t}\n\t\t\t#gallery-1 .gallery-item {\n\t\t\t\tfloat: left;\n\t\t\t\tmargin-top: 10px;\n\t\t\t\ttext-align: center;\n\t\t\t\twidth: 33%;\n\t\t\t}\n\t\t\t#gallery-1 img {\n\t\t\t\tborder: 2px solid #cfcfcf;\n\t\t\t}\n\t\t\t#gallery-1 .gallery-caption {\n\t\t\t\tmargin-left: 0;\n\t\t\t}\n\t\t\t\/* see gallery_shortcode() in wp-includes\/media.php *\/\n\t\t<\/style>\n\t\t<div id='gallery-1' class='gallery galleryid-9830 gallery-columns-3 gallery-size-medium'><dl class='gallery-item'>\n\t\t\t<dt class='gallery-icon landscape'>\n\t\t\t\t<a href='https:\/\/fada.org.ar\/web\/wp-content\/uploads\/2022\/06\/res_1.jpeg'><img loading=\"lazy\" decoding=\"async\" width=\"250\" height=\"141\" src=\"https:\/\/fada.org.ar\/web\/wp-content\/uploads\/2022\/06\/res_1-250x141.jpeg\" class=\"attachment-medium size-medium\" alt=\"\" srcset=\"https:\/\/fada.org.ar\/web\/wp-content\/uploads\/2022\/06\/res_1-250x141.jpeg 250w, https:\/\/fada.org.ar\/web\/wp-content\/uploads\/2022\/06\/res_1-1024x576.jpeg 1024w, https:\/\/fada.org.ar\/web\/wp-content\/uploads\/2022\/06\/res_1-768x432.jpeg 768w, https:\/\/fada.org.ar\/web\/wp-content\/uploads\/2022\/06\/res_1-1536x864.jpeg 1536w, https:\/\/fada.org.ar\/web\/wp-content\/uploads\/2022\/06\/res_1.jpeg 1600w\" sizes=\"(max-width: 250px) 100vw, 250px\" \/><\/a>\n\t\t\t<\/dt><\/dl><dl class='gallery-item'>\n\t\t\t<dt class='gallery-icon landscape'>\n\t\t\t\t<a href='https:\/\/fada.org.ar\/web\/wp-content\/uploads\/2022\/06\/res_2.jpeg'><img loading=\"lazy\" decoding=\"async\" width=\"250\" height=\"141\" src=\"https:\/\/fada.org.ar\/web\/wp-content\/uploads\/2022\/06\/res_2-250x141.jpeg\" class=\"attachment-medium size-medium\" alt=\"\" srcset=\"https:\/\/fada.org.ar\/web\/wp-content\/uploads\/2022\/06\/res_2-250x141.jpeg 250w, https:\/\/fada.org.ar\/web\/wp-content\/uploads\/2022\/06\/res_2-1024x576.jpeg 1024w, https:\/\/fada.org.ar\/web\/wp-content\/uploads\/2022\/06\/res_2-768x432.jpeg 768w, https:\/\/fada.org.ar\/web\/wp-content\/uploads\/2022\/06\/res_2-1536x864.jpeg 1536w, https:\/\/fada.org.ar\/web\/wp-content\/uploads\/2022\/06\/res_2.jpeg 1600w\" sizes=\"(max-width: 250px) 100vw, 250px\" \/><\/a>\n\t\t\t<\/dt><\/dl><dl class='gallery-item'>\n\t\t\t<dt class='gallery-icon landscape'>\n\t\t\t\t<a href='https:\/\/fada.org.ar\/web\/wp-content\/uploads\/2022\/06\/res_3.jpeg'><img loading=\"lazy\" decoding=\"async\" width=\"250\" height=\"167\" src=\"https:\/\/fada.org.ar\/web\/wp-content\/uploads\/2022\/06\/res_3-250x167.jpeg\" class=\"attachment-medium size-medium\" alt=\"\" srcset=\"https:\/\/fada.org.ar\/web\/wp-content\/uploads\/2022\/06\/res_3-250x167.jpeg 250w, https:\/\/fada.org.ar\/web\/wp-content\/uploads\/2022\/06\/res_3-1024x682.jpeg 1024w, https:\/\/fada.org.ar\/web\/wp-content\/uploads\/2022\/06\/res_3-768x512.jpeg 768w, https:\/\/fada.org.ar\/web\/wp-content\/uploads\/2022\/06\/res_3.jpeg 1280w\" sizes=\"(max-width: 250px) 100vw, 250px\" \/><\/a>\n\t\t\t<\/dt><\/dl><br style=\"clear: both\" \/><dl class='gallery-item'>\n\t\t\t<dt class='gallery-icon landscape'>\n\t\t\t\t<a href='https:\/\/fada.org.ar\/web\/wp-content\/uploads\/2022\/06\/res_6.jpeg'><img loading=\"lazy\" decoding=\"async\" width=\"250\" height=\"167\" src=\"https:\/\/fada.org.ar\/web\/wp-content\/uploads\/2022\/06\/res_6-250x167.jpeg\" class=\"attachment-medium size-medium\" alt=\"\" srcset=\"https:\/\/fada.org.ar\/web\/wp-content\/uploads\/2022\/06\/res_6-250x167.jpeg 250w, https:\/\/fada.org.ar\/web\/wp-content\/uploads\/2022\/06\/res_6-1024x682.jpeg 1024w, https:\/\/fada.org.ar\/web\/wp-content\/uploads\/2022\/06\/res_6-768x512.jpeg 768w, https:\/\/fada.org.ar\/web\/wp-content\/uploads\/2022\/06\/res_6.jpeg 1280w\" sizes=\"(max-width: 250px) 100vw, 250px\" \/><\/a>\n\t\t\t<\/dt><\/dl><dl class='gallery-item'>\n\t\t\t<dt class='gallery-icon landscape'>\n\t\t\t\t<a href='https:\/\/fada.org.ar\/web\/wp-content\/uploads\/2022\/06\/res_7.jpeg'><img loading=\"lazy\" decoding=\"async\" width=\"250\" height=\"167\" src=\"https:\/\/fada.org.ar\/web\/wp-content\/uploads\/2022\/06\/res_7-250x167.jpeg\" class=\"attachment-medium size-medium\" alt=\"\" srcset=\"https:\/\/fada.org.ar\/web\/wp-content\/uploads\/2022\/06\/res_7-250x167.jpeg 250w, https:\/\/fada.org.ar\/web\/wp-content\/uploads\/2022\/06\/res_7-1024x682.jpeg 1024w, https:\/\/fada.org.ar\/web\/wp-content\/uploads\/2022\/06\/res_7-768x512.jpeg 768w, https:\/\/fada.org.ar\/web\/wp-content\/uploads\/2022\/06\/res_7.jpeg 1280w\" sizes=\"(max-width: 250px) 100vw, 250px\" \/><\/a>\n\t\t\t<\/dt><\/dl><dl class='gallery-item'>\n\t\t\t<dt class='gallery-icon landscape'>\n\t\t\t\t<a href='https:\/\/fada.org.ar\/web\/wp-content\/uploads\/2022\/06\/res_9.jpeg'><img loading=\"lazy\" decoding=\"async\" width=\"250\" height=\"167\" src=\"https:\/\/fada.org.ar\/web\/wp-content\/uploads\/2022\/06\/res_9-250x167.jpeg\" class=\"attachment-medium size-medium\" alt=\"\" srcset=\"https:\/\/fada.org.ar\/web\/wp-content\/uploads\/2022\/06\/res_9-250x167.jpeg 250w, https:\/\/fada.org.ar\/web\/wp-content\/uploads\/2022\/06\/res_9-1024x682.jpeg 1024w, https:\/\/fada.org.ar\/web\/wp-content\/uploads\/2022\/06\/res_9-768x512.jpeg 768w, https:\/\/fada.org.ar\/web\/wp-content\/uploads\/2022\/06\/res_9.jpeg 1280w\" sizes=\"(max-width: 250px) 100vw, 250px\" \/><\/a>\n\t\t\t<\/dt><\/dl><br style=\"clear: both\" \/><dl class='gallery-item'>\n\t\t\t<dt class='gallery-icon landscape'>\n\t\t\t\t<a href='https:\/\/fada.org.ar\/web\/wp-content\/uploads\/2022\/06\/res_91.jpeg'><img loading=\"lazy\" decoding=\"async\" width=\"250\" height=\"167\" src=\"https:\/\/fada.org.ar\/web\/wp-content\/uploads\/2022\/06\/res_91-250x167.jpeg\" class=\"attachment-medium size-medium\" alt=\"\" srcset=\"https:\/\/fada.org.ar\/web\/wp-content\/uploads\/2022\/06\/res_91-250x167.jpeg 250w, https:\/\/fada.org.ar\/web\/wp-content\/uploads\/2022\/06\/res_91-1024x682.jpeg 1024w, https:\/\/fada.org.ar\/web\/wp-content\/uploads\/2022\/06\/res_91-768x512.jpeg 768w, https:\/\/fada.org.ar\/web\/wp-content\/uploads\/2022\/06\/res_91.jpeg 1280w\" sizes=\"(max-width: 250px) 100vw, 250px\" \/><\/a>\n\t\t\t<\/dt><\/dl><dl class='gallery-item'>\n\t\t\t<dt class='gallery-icon landscape'>\n\t\t\t\t<a href='https:\/\/fada.org.ar\/web\/wp-content\/uploads\/2022\/06\/res_92.jpeg'><img loading=\"lazy\" decoding=\"async\" width=\"250\" height=\"167\" src=\"https:\/\/fada.org.ar\/web\/wp-content\/uploads\/2022\/06\/res_92-250x167.jpeg\" class=\"attachment-medium size-medium\" alt=\"\" srcset=\"https:\/\/fada.org.ar\/web\/wp-content\/uploads\/2022\/06\/res_92-250x167.jpeg 250w, https:\/\/fada.org.ar\/web\/wp-content\/uploads\/2022\/06\/res_92-1024x682.jpeg 1024w, https:\/\/fada.org.ar\/web\/wp-content\/uploads\/2022\/06\/res_92-768x512.jpeg 768w, https:\/\/fada.org.ar\/web\/wp-content\/uploads\/2022\/06\/res_92.jpeg 1280w\" sizes=\"(max-width: 250px) 100vw, 250px\" \/><\/a>\n\t\t\t<\/dt><\/dl><dl class='gallery-item'>\n\t\t\t<dt class='gallery-icon landscape'>\n\t\t\t\t<a href='https:\/\/fada.org.ar\/web\/wp-content\/uploads\/2022\/06\/res_93.jpeg'><img loading=\"lazy\" decoding=\"async\" width=\"250\" height=\"167\" src=\"https:\/\/fada.org.ar\/web\/wp-content\/uploads\/2022\/06\/res_93-250x167.jpeg\" class=\"attachment-medium size-medium\" alt=\"\" srcset=\"https:\/\/fada.org.ar\/web\/wp-content\/uploads\/2022\/06\/res_93-250x167.jpeg 250w, https:\/\/fada.org.ar\/web\/wp-content\/uploads\/2022\/06\/res_93-1024x682.jpeg 1024w, https:\/\/fada.org.ar\/web\/wp-content\/uploads\/2022\/06\/res_93-768x512.jpeg 768w, https:\/\/fada.org.ar\/web\/wp-content\/uploads\/2022\/06\/res_93.jpeg 1280w\" sizes=\"(max-width: 250px) 100vw, 250px\" \/><\/a>\n\t\t\t<\/dt><\/dl><br style=\"clear: both\" \/>\n\t\t<\/div>\n\n<p>PUNTAJE FINAL DE LOS ATERRIZAJES DE PRECISI\u00d3N.<\/p>\n<p>1) Ignacion Sanabria &#8211; 118 pts.<br \/>\n2) Jos\u00e9 Olivero &#8211; 208 pts.<br \/>\n3) Franco Rey &#8211; 314 pts.<br \/>\n4) Emile Colcombet &#8211; 400 pts.<br \/>\n5) Maximiliano Murgin &#8211; 422 pts.<br \/>\n6) Edwin Harvey &#8211; 560 pts.<br \/>\n7) Berab\u00e9 Bastiani &#8211; 646 pts.<br \/>\n8) Gonzalo Billordo &#8211; 668 pts.<br \/>\n9) Dario Cabral &#8211; 680 pts.<br \/>\n10) Alejandro Ravarotto &#8211; 772 pts.<br \/>\n11) Nicol\u00e1s Frid &#8211; 780 pts.<br \/>\n12) Eduardo Maidana &#8211; 818 pts.<br \/>\n13) Alberto Leowow &#8211; 900 pts.<br \/>\n14) Mart\u00edn Paz &#8211; 930 pts.<br \/>\n15) Sa\u00fal Disanti &#8211; 1000 pts.<br \/>\n16) Cecilia Soto &#8211; 1050 pts.<br \/>\n17) Este puesto fue compartido por Gonzalo Oviedo, Fernando He\u00f1in y Olga Ojeda con 1200 pts.<\/p>\n<p>PUNTAJE FINAL DE LA NAVEGACI\u00d3N A\u00c9REA<\/p>\n<p>1) Jos\u00e9 Oliveros &#8211; Marycz Gabriel &#8211; 5502 pts.<br \/>\n2) Bernabe Bastiani &#8211; Alberto Leowov &#8211; 7562 pts.<br \/>\n3) Marcelo Benitez &#8211; Eduardo Maidana &#8211; 13648 pts.<br \/>\n4) Olga Ojeda &#8211; Exequiel Martinez &#8211; 14076 pts.<br \/>\n5) Ravarotto Alejandro &#8211; Alvarez Jos\u00e9 &#8211; 14194 pts.<\/p>\n\n\t\t<style type=\"text\/css\">\n\t\t\t#gallery-2 {\n\t\t\t\tmargin: auto;\n\t\t\t}\n\t\t\t#gallery-2 .gallery-item {\n\t\t\t\tfloat: left;\n\t\t\t\tmargin-top: 10px;\n\t\t\t\ttext-align: center;\n\t\t\t\twidth: 33%;\n\t\t\t}\n\t\t\t#gallery-2 img {\n\t\t\t\tborder: 2px solid #cfcfcf;\n\t\t\t}\n\t\t\t#gallery-2 .gallery-caption {\n\t\t\t\tmargin-left: 0;\n\t\t\t}\n\t\t\t\/* see gallery_shortcode() in wp-includes\/media.php *\/\n\t\t<\/style>\n\t\t<div id='gallery-2' class='gallery galleryid-9830 gallery-columns-3 gallery-size-medium'><dl class='gallery-item'>\n\t\t\t<dt class='gallery-icon landscape'>\n\t\t\t\t<a href='https:\/\/fada.org.ar\/web\/wp-content\/uploads\/2022\/06\/adp_1.jpeg'><img loading=\"lazy\" decoding=\"async\" width=\"250\" height=\"188\" src=\"https:\/\/fada.org.ar\/web\/wp-content\/uploads\/2022\/06\/adp_1-250x188.jpeg\" class=\"attachment-medium size-medium\" alt=\"\" srcset=\"https:\/\/fada.org.ar\/web\/wp-content\/uploads\/2022\/06\/adp_1-250x188.jpeg 250w, https:\/\/fada.org.ar\/web\/wp-content\/uploads\/2022\/06\/adp_1-1024x768.jpeg 1024w, https:\/\/fada.org.ar\/web\/wp-content\/uploads\/2022\/06\/adp_1-768x576.jpeg 768w, https:\/\/fada.org.ar\/web\/wp-content\/uploads\/2022\/06\/adp_1-1536x1152.jpeg 1536w, https:\/\/fada.org.ar\/web\/wp-content\/uploads\/2022\/06\/adp_1.jpeg 1600w\" sizes=\"(max-width: 250px) 100vw, 250px\" \/><\/a>\n\t\t\t<\/dt><\/dl><dl class='gallery-item'>\n\t\t\t<dt class='gallery-icon portrait'>\n\t\t\t\t<a href='https:\/\/fada.org.ar\/web\/wp-content\/uploads\/2022\/06\/adp_2.jpeg'><img loading=\"lazy\" decoding=\"async\" width=\"188\" height=\"250\" src=\"https:\/\/fada.org.ar\/web\/wp-content\/uploads\/2022\/06\/adp_2-188x250.jpeg\" class=\"attachment-medium size-medium\" alt=\"\" srcset=\"https:\/\/fada.org.ar\/web\/wp-content\/uploads\/2022\/06\/adp_2-188x250.jpeg 188w, https:\/\/fada.org.ar\/web\/wp-content\/uploads\/2022\/06\/adp_2-768x1024.jpeg 768w, https:\/\/fada.org.ar\/web\/wp-content\/uploads\/2022\/06\/adp_2-1152x1536.jpeg 1152w, https:\/\/fada.org.ar\/web\/wp-content\/uploads\/2022\/06\/adp_2.jpeg 1200w\" sizes=\"(max-width: 188px) 100vw, 188px\" \/><\/a>\n\t\t\t<\/dt><\/dl><dl class='gallery-item'>\n\t\t\t<dt class='gallery-icon portrait'>\n\t\t\t\t<a href='https:\/\/fada.org.ar\/web\/wp-content\/uploads\/2022\/06\/adp_3.jpeg'><img loading=\"lazy\" decoding=\"async\" width=\"188\" height=\"250\" src=\"https:\/\/fada.org.ar\/web\/wp-content\/uploads\/2022\/06\/adp_3-188x250.jpeg\" class=\"attachment-medium size-medium\" alt=\"\" srcset=\"https:\/\/fada.org.ar\/web\/wp-content\/uploads\/2022\/06\/adp_3-188x250.jpeg 188w, https:\/\/fada.org.ar\/web\/wp-content\/uploads\/2022\/06\/adp_3-768x1024.jpeg 768w, https:\/\/fada.org.ar\/web\/wp-content\/uploads\/2022\/06\/adp_3-1152x1536.jpeg 1152w, https:\/\/fada.org.ar\/web\/wp-content\/uploads\/2022\/06\/adp_3.jpeg 1200w\" sizes=\"(max-width: 188px) 100vw, 188px\" \/><\/a>\n\t\t\t<\/dt><\/dl><br style=\"clear: both\" \/><dl class='gallery-item'>\n\t\t\t<dt class='gallery-icon landscape'>\n\t\t\t\t<a href='https:\/\/fada.org.ar\/web\/wp-content\/uploads\/2022\/06\/adp_4.jpeg'><img loading=\"lazy\" decoding=\"async\" width=\"250\" height=\"188\" src=\"https:\/\/fada.org.ar\/web\/wp-content\/uploads\/2022\/06\/adp_4-250x188.jpeg\" class=\"attachment-medium size-medium\" alt=\"\" srcset=\"https:\/\/fada.org.ar\/web\/wp-content\/uploads\/2022\/06\/adp_4-250x188.jpeg 250w, https:\/\/fada.org.ar\/web\/wp-content\/uploads\/2022\/06\/adp_4-1024x768.jpeg 1024w, https:\/\/fada.org.ar\/web\/wp-content\/uploads\/2022\/06\/adp_4-768x576.jpeg 768w, https:\/\/fada.org.ar\/web\/wp-content\/uploads\/2022\/06\/adp_4-1536x1152.jpeg 1536w, https:\/\/fada.org.ar\/web\/wp-content\/uploads\/2022\/06\/adp_4.jpeg 1600w\" sizes=\"(max-width: 250px) 100vw, 250px\" \/><\/a>\n\t\t\t<\/dt><\/dl><dl class='gallery-item'>\n\t\t\t<dt class='gallery-icon landscape'>\n\t\t\t\t<a href='https:\/\/fada.org.ar\/web\/wp-content\/uploads\/2022\/06\/anr_track.jpeg'><img loading=\"lazy\" decoding=\"async\" width=\"250\" height=\"162\" src=\"https:\/\/fada.org.ar\/web\/wp-content\/uploads\/2022\/06\/anr_track-250x162.jpeg\" class=\"attachment-medium size-medium\" alt=\"\" srcset=\"https:\/\/fada.org.ar\/web\/wp-content\/uploads\/2022\/06\/anr_track-250x162.jpeg 250w, https:\/\/fada.org.ar\/web\/wp-content\/uploads\/2022\/06\/anr_track-1024x666.jpeg 1024w, https:\/\/fada.org.ar\/web\/wp-content\/uploads\/2022\/06\/anr_track-768x499.jpeg 768w, https:\/\/fada.org.ar\/web\/wp-content\/uploads\/2022\/06\/anr_track.jpeg 1177w\" sizes=\"(max-width: 250px) 100vw, 250px\" \/><\/a>\n\t\t\t<\/dt><\/dl>\n\t\t\t<br style='clear: both' \/>\n\t\t<\/div>\n\n","protected":false},"excerpt":{"rendered":"<p>En la localidad de Resistencia\u200b, capital y ciudad m\u00e1s poblada de la provincia del Chaco, adem\u00e1s de su principal centro social y econ\u00f3mico, sede del Aeroclub Chaco, se llev\u00f3 a cabo una nueva fecha de las competencias de Aterrizajes y Navegaci\u00f3n A\u00e9rea. Con una participaci\u00f3n de 19 pilotos en \u00abADP\u00bb y 5 binomios en \u00abANR\u00bb, [&hellip;]<\/p>\n","protected":false},"author":2,"featured_media":9844,"comment_status":"open","ping_status":"closed","sticky":false,"template":"","format":"standard","meta":{"_et_pb_use_builder":"","_et_pb_old_content":"","_et_gb_content_width":"","footnotes":""},"categories":[8],"tags":[],"class_list":["post-9830","post","type-post","status-publish","format-standard","has-post-thumbnail","hentry","category-noticias"],"_links":{"self":[{"href":"https:\/\/fada.org.ar\/web\/wp-json\/wp\/v2\/posts\/9830","targetHints":{"allow":["GET"]}}],"collection":[{"href":"https:\/\/fada.org.ar\/web\/wp-json\/wp\/v2\/posts"}],"about":[{"href":"https:\/\/fada.org.ar\/web\/wp-json\/wp\/v2\/types\/post"}],"author":[{"embeddable":true,"href":"https:\/\/fada.org.ar\/web\/wp-json\/wp\/v2\/users\/2"}],"replies":[{"embeddable":true,"href":"https:\/\/fada.org.ar\/web\/wp-json\/wp\/v2\/comments?post=9830"}],"version-history":[{"count":2,"href":"https:\/\/fada.org.ar\/web\/wp-json\/wp\/v2\/posts\/9830\/revisions"}],"predecessor-version":[{"id":9847,"href":"https:\/\/fada.org.ar\/web\/wp-json\/wp\/v2\/posts\/9830\/revisions\/9847"}],"wp:featuredmedia":[{"embeddable":true,"href":"https:\/\/fada.org.ar\/web\/wp-json\/wp\/v2\/media\/9844"}],"wp:attachment":[{"href":"https:\/\/fada.org.ar\/web\/wp-json\/wp\/v2\/media?parent=9830"}],"wp:term":[{"taxonomy":"category","embeddable":true,"href":"https:\/\/fada.org.ar\/web\/wp-json\/wp\/v2\/categories?post=9830"},{"taxonomy":"post_tag","embeddable":true,"href":"https:\/\/fada.org.ar\/web\/wp-json\/wp\/v2\/tags?post=9830"}],"curies":[{"name":"wp","href":"https:\/\/api.w.org\/{rel}","templated":true}]}}